{"id":120416,"date":"2025-12-30T04:24:15","date_gmt":"2025-12-30T04:24:15","guid":{"rendered":"https:\/\/www.europesays.com\/se\/120416\/"},"modified":"2025-12-30T04:24:15","modified_gmt":"2025-12-30T04:24:15","slug":"dart-svenskbekantingen-kevin-doets-skrall-vidare-till-8-delsfinal-pa-dart-vm","status":"publish","type":"post","link":"https:\/\/www.europesays.com\/se\/120416\/","title":{"rendered":"Dart: Svenskbekantingen Kevin Doets skr\u00e4ll \u2013 vidare till 8-delsfinal p\u00e5 dart-VM"},"content":{"rendered":"<p>Det \u00e4r inte bara Andreas \u201dDirty Harry\u201d Harrysson som g\u00f6r succ\u00e9 p\u00e5 dart-VM i London.<\/p>\n<p>\u00c4ven svenskbekante Kevin Doets storspelar och slog under m\u00e5ndagen ut publikfavoriten Nathan Aspinall, rankad 15 i v\u00e4rlden, och \u00e4r nu klar f\u00f6r \u00e5ttondelsfinal.<\/p>\n<p>M\u00f6tet blev en rej\u00e4l rysare och det kr\u00e4vdes alla sju set f\u00f6r att f\u00e4lla ett avg\u00f6rande, d\u00e4r Doets vann med 4-3 till slut.<\/p>\n<p>\u2013 Det var helt otroligt. Jag fick en tuff start. Han var tvungen att g\u00f6ra en 170 f\u00f6r att ta ledningen med 3-2, men sedan var jag \u201don fire\u201d, s\u00e4ger Doets efter v\u00e4ndningen och forts\u00e4tter:<\/p>\n<p>\u2013 Det h\u00e4r \u00e4r vad man dr\u00f6mmer om. Det \u00e4r andra g\u00e5ngen i rad jag \u00e4r bland de 16 b\u00e4sta och nu vill jag n\u00e5 \u00e4nnu l\u00e4ngre.<\/p>\n<p>M\u00f6ter v\u00e4rldstv\u00e5an i kvartsfinal<\/p>\n<p>Kevin Doets \u00e4r f\u00f6dd och uppvuxen i Nederl\u00e4nderna, men bor sedan flera \u00e5r tillbaka i Sverige.<\/p>\n<p>H\u00e4rn\u00e4st st\u00e4lls Kevin Doets mot v\u00e4rldstv\u00e5an Luke Humphries imorgon, tisdag.<\/p>\n<p>\u2013 F\u00f6r mig \u00e4r han nummer ett. Jag vill verkligen sl\u00e5 honom, s\u00e4ger Doets om sin n\u00e4sta motst\u00e5ndare.<\/p>\n<p>Imorgon spelar \u00e4ven Andreas \u201dDirty Harry\u201d Harrysson sin \u00e5ttondelsfinal mot Jonny Clayton.<\/p>\n","protected":false},"excerpt":{"rendered":"Det \u00e4r inte bara Andreas \u201dDirty Harry\u201d Harrysson som g\u00f6r succ\u00e9 p\u00e5 dart-VM i London. \u00c4ven svenskbekante Kevin&hellip;\n","protected":false},"author":2,"featured_media":120417,"comment_status":"","ping_status":"","sticky":false,"template":"","format":"standard","meta":{"footnotes":""},"categories":[5],"tags":[22,23,26,27,17,21,24,25,28,29,15,16,18,34,31,33,32,30,19,20],"class_list":{"0":"post-120416","1":"post","2":"type-post","3":"status-publish","4":"format-standard","5":"has-post-thumbnail","7":"category-rubriker","8":"tag-breaking-news","9":"tag-breakingnews","10":"tag-featured-news","11":"tag-featurednews","12":"tag-headlines","13":"tag-huvudnyheter","14":"tag-latest-news","15":"tag-latestnews","16":"tag-main-news","17":"tag-mainnews","18":"tag-news","19":"tag-nyheter","20":"tag-rubriker","21":"tag-se","22":"tag-svenska","23":"tag-sverige","24":"tag-sweden","25":"tag-swedish","26":"tag-top-stories","27":"tag-topstories"},"share_on_mastodon":{"url":"https:\/\/pubeurope.com\/@se\/115806618417817335","error":""},"_links":{"self":[{"href":"https:\/\/www.europesays.com\/se\/wp-json\/wp\/v2\/posts\/120416","targetHints":{"allow":["GET"]}}],"collection":[{"href":"https:\/\/www.europesays.com\/se\/wp-json\/wp\/v2\/posts"}],"about":[{"href":"https:\/\/www.europesays.com\/se\/wp-json\/wp\/v2\/types\/post"}],"author":[{"embeddable":true,"href":"https:\/\/www.europesays.com\/se\/wp-json\/wp\/v2\/users\/2"}],"replies":[{"embeddable":true,"href":"https:\/\/www.europesays.com\/se\/wp-json\/wp\/v2\/comments?post=120416"}],"version-history":[{"count":0,"href":"https:\/\/www.europesays.com\/se\/wp-json\/wp\/v2\/posts\/120416\/revisions"}],"wp:featuredmedia":[{"embeddable":true,"href":"https:\/\/www.europesays.com\/se\/wp-json\/wp\/v2\/media\/120417"}],"wp:attachment":[{"href":"https:\/\/www.europesays.com\/se\/wp-json\/wp\/v2\/media?parent=120416"}],"wp:term":[{"taxonomy":"category","embeddable":true,"href":"https:\/\/www.europesays.com\/se\/wp-json\/wp\/v2\/categories?post=120416"},{"taxonomy":"post_tag","embeddable":true,"href":"https:\/\/www.europesays.com\/se\/wp-json\/wp\/v2\/tags?post=120416"}],"curies":[{"name":"wp","href":"https:\/\/api.w.org\/{rel}","templated":true}]}}