{"id":120418,"date":"2025-12-30T04:31:09","date_gmt":"2025-12-30T04:31:09","guid":{"rendered":"https:\/\/www.europesays.com\/se\/120418\/"},"modified":"2025-12-30T04:31:09","modified_gmt":"2025-12-30T04:31:09","slug":"dinosaurie-brann-utanfor-uppsala-unga-skot-fyrverkerier","status":"publish","type":"post","link":"https:\/\/www.europesays.com\/se\/120418\/","title":{"rendered":"Dinosaurie brann utanf\u00f6r Uppsala \u2013 unga sk\u00f6t fyrverkerier"},"content":{"rendered":"<p>Larmet kom innan midnatt sent under m\u00e5ndagskv\u00e4llen kring en containerbrand i Skommarbo och Bj\u00f6rlingeomr\u00e5det, norr om Uppsala. R\u00e4ddningstj\u00e4nsten \u00e5kte ut men det visade sig vara ungdomar som skjutit raketer mot en dinosaurie i plast (!) som finns d\u00e4r.\u00a0Enligt r\u00e4ddningstj\u00e4nstens ledningscentral \u00e4r dinosaurien tre och en halv meter h\u00f6g men det \u00e4r oklart vilka skador som up<\/p>\n","protected":false},"excerpt":{"rendered":"Larmet kom innan midnatt sent under m\u00e5ndagskv\u00e4llen kring en containerbrand i Skommarbo och Bj\u00f6rlingeomr\u00e5det, norr om Uppsala. R\u00e4ddningstj\u00e4nsten&hellip;\n","protected":false},"author":2,"featured_media":120333,"comment_status":"","ping_status":"","sticky":false,"template":"","format":"standard","meta":{"footnotes":""},"categories":[12],"tags":[22,23,26,27,17,21,24,25,28,29,15,16,18,34,31,33,32,30,19,20],"class_list":{"0":"post-120418","1":"post","2":"type-post","3":"status-publish","4":"format-standard","5":"has-post-thumbnail","7":"category-sverige","8":"tag-breaking-news","9":"tag-breakingnews","10":"tag-featured-news","11":"tag-featurednews","12":"tag-headlines","13":"tag-huvudnyheter","14":"tag-latest-news","15":"tag-latestnews","16":"tag-main-news","17":"tag-mainnews","18":"tag-news","19":"tag-nyheter","20":"tag-rubriker","21":"tag-se","22":"tag-svenska","23":"tag-sverige","24":"tag-sweden","25":"tag-swedish","26":"tag-top-stories","27":"tag-topstories"},"share_on_mastodon":{"url":"https:\/\/pubeurope.com\/@se\/115806645968892671","error":""},"_links":{"self":[{"href":"https:\/\/www.europesays.com\/se\/wp-json\/wp\/v2\/posts\/120418","targetHints":{"allow":["GET"]}}],"collection":[{"href":"https:\/\/www.europesays.com\/se\/wp-json\/wp\/v2\/posts"}],"about":[{"href":"https:\/\/www.europesays.com\/se\/wp-json\/wp\/v2\/types\/post"}],"author":[{"embeddable":true,"href":"https:\/\/www.europesays.com\/se\/wp-json\/wp\/v2\/users\/2"}],"replies":[{"embeddable":true,"href":"https:\/\/www.europesays.com\/se\/wp-json\/wp\/v2\/comments?post=120418"}],"version-history":[{"count":0,"href":"https:\/\/www.europesays.com\/se\/wp-json\/wp\/v2\/posts\/120418\/revisions"}],"wp:featuredmedia":[{"embeddable":true,"href":"https:\/\/www.europesays.com\/se\/wp-json\/wp\/v2\/media\/120333"}],"wp:attachment":[{"href":"https:\/\/www.europesays.com\/se\/wp-json\/wp\/v2\/media?parent=120418"}],"wp:term":[{"taxonomy":"category","embeddable":true,"href":"https:\/\/www.europesays.com\/se\/wp-json\/wp\/v2\/categories?post=120418"},{"taxonomy":"post_tag","embeddable":true,"href":"https:\/\/www.europesays.com\/se\/wp-json\/wp\/v2\/tags?post=120418"}],"curies":[{"name":"wp","href":"https:\/\/api.w.org\/{rel}","templated":true}]}}