{"id":120421,"date":"2025-12-30T04:39:12","date_gmt":"2025-12-30T04:39:12","guid":{"rendered":"https:\/\/www.europesays.com\/se\/120421\/"},"modified":"2025-12-30T04:39:12","modified_gmt":"2025-12-30T04:39:12","slug":"farligt-lavinlage-i-tva-fjallomraden","status":"publish","type":"post","link":"https:\/\/www.europesays.com\/se\/120421\/","title":{"rendered":"Farligt lavinl\u00e4ge i tv\u00e5 fj\u00e4llomr\u00e5den"},"content":{"rendered":"<p class=\"boxtextgrotesk-root_baa6 hyperion-css-7pajle\">Publicerad 2025-12-29 19.46<\/p>\n<p>share-arrowDela<\/p>\n<p>unsaveSpara<\/p>\n<p>expand-left<\/p>\n<p>helsk\u00e4rm<img decoding=\"async\" class=\"image-asset hyperion-css-u06ts1\" data-test-tag=\"image-asset\" src=\"https:\/\/www.europesays.com\/se\/wp-content\/uploads\/2025\/12\/72c3bd30-c0b9-4b93-b100-f9007eacd770.jpeg\"  alt=\"Lavinl\u00e4get klassas som farligt i tv\u00e5 svenska fj\u00e4llomr\u00e5den. Arkivbild.\"  loading=\"eager\" fetchpriority=\"high\" style=\"aspect-ratio:1900 \/ 1260\"\/>Lavinl\u00e4get klassas som farligt i tv\u00e5 svenska fj\u00e4llomr\u00e5den. Arkivbild. Foto: Mats Lennartson\/TT<\/p>\n<p class=\"hyperion-css-1shl3oz\" data-test-tag=\"lead-text\">Det r\u00e5der betydande lavinfara med farliga f\u00f6rh\u00e5llanden i s\u00f6dra J\u00e4mtlandsfj\u00e4llen och v\u00e4stra H\u00e4rjedalsfj\u00e4llen, enligt Naturv\u00e5rdsverkets sajt Lavinprognoser.<\/p>\n<p class=\"hyperion-css-1v9qo5x\">Flak av drevsn\u00f6 som har bildats p\u00e5 fj\u00e4llens l\u00e4sidor i b\u00e5da omr\u00e5dena \u2013 d\u00e4r flera vintersportorter ligger \u2013 kan orsaka laviner vid belastning av en skid\u00e5kare, skoter eller en fallande h\u00e4ngdriva.<\/p>\n<p class=\"hyperion-css-1v9qo5x\">R\u00e5det \u00e4r att undvika sluttningar som \u00e4r brantare \u00e4n 30 grader med sl\u00e4t drevsn\u00f6 och terr\u00e4ngen nedanf\u00f6r s\u00e5dana branter, tills att sn\u00f6n har stabiliserats.<\/p>\n<p class=\"hyperion-css-1v9qo5x\">\u201dIbland \u00e4r det bara ytsn\u00f6n som rasar, men drevsn\u00f6n kan ocks\u00e5 spricka betydligt djupare, vilket kan ge stora laviner\u201d, st\u00e5r det p\u00e5 sajten.<\/p>\n<p class=\"hyperion-css-1v9qo5x\">Varningarna g\u00e4ller f\u00f6r n\u00e4rvarande fram till tisdag klockan 18.00.<\/p>\n<p class=\"hyperion-css-1v9qo5x\">Betydande lavinfara inneb\u00e4r en trea p\u00e5 den femgradiga skalan.<\/p>\n<p class=\"hyperion-css-1v9qo5x\">I s\u00f6dra Lapplandsfj\u00e4llen och v\u00e4stra Vindelfj\u00e4llen bed\u00f6ms lavinfaran vara m\u00e5ttlig medan l\u00e4get i Kebnekaisefj\u00e4llen samt i Abisko- och Riksgr\u00e4nsfj\u00e4llen inte har bed\u00f6mts.<\/p>\n<p>FAKTALavinskalan<\/p>\n<p class=\"hyperion-css-jonaf8\">(TT)<\/p>\n<p class=\"hyperion-css-jonaf8\">Lavinfaran delas in i en femgradig skala:<\/p>\n<p class=\"hyperion-css-jonaf8\">1. Liten fara. F\u00f6rh\u00e5llandena \u00e4r s\u00e4kra i allm\u00e4nhet. Sn\u00f6n kan vara instabil p\u00e5 enstaka platser. Laviner osannolika.<\/p>\n<p class=\"hyperion-css-jonaf8\">2. M\u00e5ttlig fara. Farliga f\u00f6rh\u00e5llanden i delar av terr\u00e4ngen. Det \u00e4r m\u00f6jligt f\u00f6r m\u00e4nniskor att utl\u00f6sa laviner, men spontana laviner \u00e4r osannolika.<\/p>\n<p class=\"hyperion-css-jonaf8\">3. Betydande fara. Farliga f\u00f6rh\u00e5llanden. Det \u00e4r troligt att m\u00e4nniskor utl\u00f6ser laviner och spontana laviner \u00e4r m\u00f6jliga.<\/p>\n<p class=\"hyperion-css-jonaf8\">4. Stor fara. Mycket farliga f\u00f6rh\u00e5llanden. Mycket troligt med spontana laviner och att m\u00e4nniskor utl\u00f6ser laviner.<\/p>\n<p class=\"hyperion-css-jonaf8\">5. Mycket stor fara. M\u00e4nskligt utl\u00f6sta och spontana laviner f\u00f6rekommer med s\u00e4kerhet.<\/p>\n<p class=\"hyperion-css-jonaf8\">K\u00e4lla: Lavinprognoser.se<\/p>\n<p>L\u00e4s mer<\/p>\n","protected":false},"excerpt":{"rendered":"Publicerad 2025-12-29 19.46 share-arrowDela unsaveSpara expand-left helsk\u00e4rmLavinl\u00e4get klassas som farligt i tv\u00e5 svenska fj\u00e4llomr\u00e5den. Arkivbild. Foto: Mats Lennartson\/TT&hellip;\n","protected":false},"author":2,"featured_media":120422,"comment_status":"","ping_status":"","sticky":false,"template":"","format":"standard","meta":{"footnotes":""},"categories":[12],"tags":[22,23,26,27,17,21,24,25,28,29,15,16,18,34,31,33,32,30,19,20],"class_list":{"0":"post-120421","1":"post","2":"type-post","3":"status-publish","4":"format-standard","5":"has-post-thumbnail","7":"category-sverige","8":"tag-breaking-news","9":"tag-breakingnews","10":"tag-featured-news","11":"tag-featurednews","12":"tag-headlines","13":"tag-huvudnyheter","14":"tag-latest-news","15":"tag-latestnews","16":"tag-main-news","17":"tag-mainnews","18":"tag-news","19":"tag-nyheter","20":"tag-rubriker","21":"tag-se","22":"tag-svenska","23":"tag-sverige","24":"tag-sweden","25":"tag-swedish","26":"tag-top-stories","27":"tag-topstories"},"share_on_mastodon":{"url":"https:\/\/pubeurope.com\/@se\/115806677426815095","error":""},"_links":{"self":[{"href":"https:\/\/www.europesays.com\/se\/wp-json\/wp\/v2\/posts\/120421","targetHints":{"allow":["GET"]}}],"collection":[{"href":"https:\/\/www.europesays.com\/se\/wp-json\/wp\/v2\/posts"}],"about":[{"href":"https:\/\/www.europesays.com\/se\/wp-json\/wp\/v2\/types\/post"}],"author":[{"embeddable":true,"href":"https:\/\/www.europesays.com\/se\/wp-json\/wp\/v2\/users\/2"}],"replies":[{"embeddable":true,"href":"https:\/\/www.europesays.com\/se\/wp-json\/wp\/v2\/comments?post=120421"}],"version-history":[{"count":0,"href":"https:\/\/www.europesays.com\/se\/wp-json\/wp\/v2\/posts\/120421\/revisions"}],"wp:featuredmedia":[{"embeddable":true,"href":"https:\/\/www.europesays.com\/se\/wp-json\/wp\/v2\/media\/120422"}],"wp:attachment":[{"href":"https:\/\/www.europesays.com\/se\/wp-json\/wp\/v2\/media?parent=120421"}],"wp:term":[{"taxonomy":"category","embeddable":true,"href":"https:\/\/www.europesays.com\/se\/wp-json\/wp\/v2\/categories?post=120421"},{"taxonomy":"post_tag","embeddable":true,"href":"https:\/\/www.europesays.com\/se\/wp-json\/wp\/v2\/tags?post=120421"}],"curies":[{"name":"wp","href":"https:\/\/api.w.org\/{rel}","templated":true}]}}