{"id":120423,"date":"2025-12-30T04:45:37","date_gmt":"2025-12-30T04:45:37","guid":{"rendered":"https:\/\/www.europesays.com\/se\/120423\/"},"modified":"2025-12-30T04:45:37","modified_gmt":"2025-12-30T04:45:37","slug":"18-lantbruk-bidrar-med-godsel-till-biogasfabriken-i-ostersund","status":"publish","type":"post","link":"https:\/\/www.europesays.com\/se\/120423\/","title":{"rendered":"18 lantbruk bidrar med g\u00f6dsel till biogasfabriken i \u00d6stersund"},"content":{"rendered":"<p>Bygget av den nya biogasanl\u00e4ggningen i \u00d6stersund startade 2023 och har nyligen b\u00f6rjat producera gas i flytande form. R\u00e5varan best\u00e5r av matavfall, vassle fr\u00e5n mejeriet och stora m\u00e4ngder g\u00f6dsel, det vill s\u00e4ga koskit, fr\u00e5n lantbruk i l\u00e4net. 18 lantbruk fr\u00e5n runt om i l\u00e4net leverar g\u00f6dsel till fabriken.<\/p>\n<p>En av de b\u00f6nder som g\u00e5tt med i projektet \u00e4r Christian Jonsson, som med sambon Hanna Sundin driver en mj\u00f6lkg\u00e5rd i Nordann\u00e4lden i Krokoms kommun.<\/p>\n<p>\u2013 Det var nyfikenhet fr\u00e5n f\u00f6rsta b\u00f6rjan, s\u00e5 f\u00e5r vi se var det landar, s\u00e4ger Christian Jonsson. <\/p>\n<p>Kan ers\u00e4tta handelsg\u00f6dsel<\/p>\n<p>F\u00f6rutom att leverera r\u00e5vara fr\u00e5n g\u00f6dselbrunnen f\u00e5r g\u00e5rden ocks\u00e5 ta emot returlast fr\u00e5n biogasfabriken, i form av biog\u00f6dsel.<\/p>\n<p>\u2013 Vi har byggt tv\u00e5 extra brunnar som nu ska fyllas med biog\u00f6dsel som senare ska ut p\u00e5 \u00e5krarna. Den \u00e4r mer l\u00e4ttflytande och tas l\u00e4ttare upp av v\u00e4xterna. Biog\u00f6dseln ska ocks\u00e5 f\u00e5 en h\u00f6gre kv\u00e4vehalt s\u00e5 vi slipper k\u00f6pa in s\u00e5 mycket handelsg\u00f6dsel. Det \u00e4r f\u00f6rhoppningen i alla fall.<\/p>\n<p>Kommit i g\u00e5ng s\u00e5 sm\u00e5tt<\/p>\n<p>N\u00e4r g\u00f6dslet fr\u00e5n g\u00e5rdar runt om i l\u00e4net kommer till biogasanl\u00e4ggningen i Gr\u00e4fs\u00e5sen blandas det med vassle fr\u00e5n mejeriet och matavfall i en r\u00f6tkammare d\u00e4r gasen sedan utvinns. Den processen har varit ig\u00e5ng sedan i v\u00e5ras men \u00e4nnu \u00e5terst\u00e5r intrimning av den delen som ska g\u00f6ra gasen flytande, s\u00e5 kallad LGB-gas. <\/p>\n<p>H\u00f6r mer i klippet nedan.<\/p>\n","protected":false},"excerpt":{"rendered":"Bygget av den nya biogasanl\u00e4ggningen i \u00d6stersund startade 2023 och har nyligen b\u00f6rjat producera gas i flytande form.&hellip;\n","protected":false},"author":2,"featured_media":120424,"comment_status":"","ping_status":"","sticky":false,"template":"","format":"standard","meta":{"footnotes":""},"categories":[65],"tags":[72,70,71,34,31,33,32,30],"class_list":{"0":"post-120423","1":"post","2":"type-post","3":"status-publish","4":"format-standard","5":"has-post-thumbnail","7":"category-ekonomi","8":"tag-business","9":"tag-economy","10":"tag-ekonomi","11":"tag-se","12":"tag-svenska","13":"tag-sverige","14":"tag-sweden","15":"tag-swedish"},"share_on_mastodon":{"url":"https:\/\/pubeurope.com\/@se\/115806701012502600","error":""},"_links":{"self":[{"href":"https:\/\/www.europesays.com\/se\/wp-json\/wp\/v2\/posts\/120423","targetHints":{"allow":["GET"]}}],"collection":[{"href":"https:\/\/www.europesays.com\/se\/wp-json\/wp\/v2\/posts"}],"about":[{"href":"https:\/\/www.europesays.com\/se\/wp-json\/wp\/v2\/types\/post"}],"author":[{"embeddable":true,"href":"https:\/\/www.europesays.com\/se\/wp-json\/wp\/v2\/users\/2"}],"replies":[{"embeddable":true,"href":"https:\/\/www.europesays.com\/se\/wp-json\/wp\/v2\/comments?post=120423"}],"version-history":[{"count":0,"href":"https:\/\/www.europesays.com\/se\/wp-json\/wp\/v2\/posts\/120423\/revisions"}],"wp:featuredmedia":[{"embeddable":true,"href":"https:\/\/www.europesays.com\/se\/wp-json\/wp\/v2\/media\/120424"}],"wp:attachment":[{"href":"https:\/\/www.europesays.com\/se\/wp-json\/wp\/v2\/media?parent=120423"}],"wp:term":[{"taxonomy":"category","embeddable":true,"href":"https:\/\/www.europesays.com\/se\/wp-json\/wp\/v2\/categories?post=120423"},{"taxonomy":"post_tag","embeddable":true,"href":"https:\/\/www.europesays.com\/se\/wp-json\/wp\/v2\/tags?post=120423"}],"curies":[{"name":"wp","href":"https:\/\/api.w.org\/{rel}","templated":true}]}}