{"id":120426,"date":"2025-12-30T05:11:38","date_gmt":"2025-12-30T05:11:38","guid":{"rendered":"https:\/\/www.europesays.com\/se\/120426\/"},"modified":"2025-12-30T05:11:38","modified_gmt":"2025-12-30T05:11:38","slug":"europa-skjuter-elbilsovergangen-forhalar-och-forlorar","status":"publish","type":"post","link":"https:\/\/www.europesays.com\/se\/120426\/","title":{"rendered":"Europa skjuter elbils\u00f6verg\u00e5ngen: \u201dF\u00f6rhalar \u2013 och f\u00f6rlorar\u201d"},"content":{"rendered":"<p><strong>BRYSSEL<\/strong> \u201dOavsett vad som h\u00e4nder s\u00e5 \u00e4r framtiden elektrisk.\u201d Det sade Ursula von der Leyen i sitt stora \u201dState of the Union\u201d-tal i september, om EU:s v\u00e4gval och visioner.<\/p>\n<p>Hon fortsatte med att s\u00e4ga att Europa m\u00e5ste vara en del av denna elektriska framtid, och att bilens framtid \u2013 och framtidens bilar \u2013 m\u00e5ste skapas i Europa. Annars kommer Kina och andra l\u00e4nder att rusa om, och er\u00f6vra v\u00e4rldens bilmarknader.<\/p>\n","protected":false},"excerpt":{"rendered":"BRYSSEL \u201dOavsett vad som h\u00e4nder s\u00e5 \u00e4r framtiden elektrisk.\u201d Det sade Ursula von der Leyen i sitt stora&hellip;\n","protected":false},"author":2,"featured_media":120427,"comment_status":"","ping_status":"","sticky":false,"template":"","format":"standard","meta":{"footnotes":""},"categories":[65],"tags":[72,70,71,34,31,33,32,30],"class_list":{"0":"post-120426","1":"post","2":"type-post","3":"status-publish","4":"format-standard","5":"has-post-thumbnail","7":"category-ekonomi","8":"tag-business","9":"tag-economy","10":"tag-ekonomi","11":"tag-se","12":"tag-svenska","13":"tag-sverige","14":"tag-sweden","15":"tag-swedish"},"share_on_mastodon":{"url":"https:\/\/pubeurope.com\/@se\/115806803276462927","error":""},"_links":{"self":[{"href":"https:\/\/www.europesays.com\/se\/wp-json\/wp\/v2\/posts\/120426","targetHints":{"allow":["GET"]}}],"collection":[{"href":"https:\/\/www.europesays.com\/se\/wp-json\/wp\/v2\/posts"}],"about":[{"href":"https:\/\/www.europesays.com\/se\/wp-json\/wp\/v2\/types\/post"}],"author":[{"embeddable":true,"href":"https:\/\/www.europesays.com\/se\/wp-json\/wp\/v2\/users\/2"}],"replies":[{"embeddable":true,"href":"https:\/\/www.europesays.com\/se\/wp-json\/wp\/v2\/comments?post=120426"}],"version-history":[{"count":0,"href":"https:\/\/www.europesays.com\/se\/wp-json\/wp\/v2\/posts\/120426\/revisions"}],"wp:featuredmedia":[{"embeddable":true,"href":"https:\/\/www.europesays.com\/se\/wp-json\/wp\/v2\/media\/120427"}],"wp:attachment":[{"href":"https:\/\/www.europesays.com\/se\/wp-json\/wp\/v2\/media?parent=120426"}],"wp:term":[{"taxonomy":"category","embeddable":true,"href":"https:\/\/www.europesays.com\/se\/wp-json\/wp\/v2\/categories?post=120426"},{"taxonomy":"post_tag","embeddable":true,"href":"https:\/\/www.europesays.com\/se\/wp-json\/wp\/v2\/tags?post=120426"}],"curies":[{"name":"wp","href":"https:\/\/api.w.org\/{rel}","templated":true}]}}