{"id":120436,"date":"2025-12-30T05:20:14","date_gmt":"2025-12-30T05:20:14","guid":{"rendered":"https:\/\/www.europesays.com\/se\/120436\/"},"modified":"2025-12-30T05:20:14","modified_gmt":"2025-12-30T05:20:14","slug":"sa-kan-sverige-forsvaras-mot-dronare","status":"publish","type":"post","link":"https:\/\/www.europesays.com\/se\/120436\/","title":{"rendered":"S\u00e5 kan Sverige f\u00f6rsvaras mot dr\u00f6nare"},"content":{"rendered":"<p><strong>G\u00e5r det att bygga en dr\u00f6narmur?<\/strong><\/p>\n<p>Tveksamt \u2013 om man med det menar en helt ogenomtr\u00e4nglig barri\u00e4r som stoppar alla dr\u00f6nare. Natos gr\u00e4ns mot Ryssland och Belarus \u00e4r ungef\u00e4r 300 mil. Det \u00e4r mer troligt att t\u00e4nka sig omfattande luft\u00f6vervakning i kombination med \u201dkupoler\u201d, allts\u00e5 luftv\u00e4rn, elektronisk krigf\u00f6ring och andra f\u00f6rsvarssystem, som byggs upp \u00f6ver de platser som beh\u00f6ver skyddas.<\/p>\n<p><strong>Hur uppt\u00e4cker man dr\u00f6nare?<\/strong><\/p>\n<p>Oftast med olika radarsystem. De kan hitta flygande objekt p\u00e5 l\u00e5ngt h\u00e5ll, och ge en tidig f\u00f6rvarning om vad som \u00e4r p\u00e5 v\u00e4g. Nackdelen med radar \u00e4r att motst\u00e5ndaren \u201dser\u201d den s\u00e4nda ut signaler, och d\u00e5 kan skjuta mot radarn. P\u00e5 lite kortare avst\u00e5nd fungerar kameror ocks\u00e5. Det kan vara v\u00e4rmekameror eller vanliga, ibland med AI-f\u00f6rst\u00e4rkta bilder. Det finns \u00e4ven akustiska sensorer, som lyssnar efter ljud. B\u00e4st blir det n\u00e4r alla system s\u00e4tts ihop som ett lagerskydd.<\/p>\n<p><strong>Vilka dr\u00f6nare \u00e4r vanligast?<\/strong><\/p>\n<p>FPV-dr\u00f6nare (First Person View). I dem ser f\u00f6raren genom dr\u00f6narens kamera, och styr mot m\u00e5let med den. M\u00e5nga FPV-dr\u00f6nare b\u00e4r p\u00e5 en spr\u00e4ngdel och de kan attackera olika m\u00e5l, som stridsfordon, trupper, helikoptrar eller andra dr\u00f6nare.<\/p>\n<p>De stora attackdr\u00f6narna med bombverkan \u00e4r de iranska Shahed, p\u00e5 ryska Geran-2. Shahed-dr\u00f6narna \u00e4r de som kommer mot Ukraina i hundratal under n\u00e4tterna. De kan ha propeller eller jetmotorer. De flesta har spr\u00e4ngladdningar, men en del \u00e4r skenm\u00e5l.<\/p>\n<p><strong>H\u00e4r \u00e4r n\u00e5gra vanliga, ryska dr\u00f6nare:<\/strong><\/p>\n<p><strong>Hur stoppar man en dr\u00f6nare?<\/strong><\/p>\n<p>De tre vanligaste s\u00e4tten i dag:<\/p>\n","protected":false},"excerpt":{"rendered":"G\u00e5r det att bygga en dr\u00f6narmur? Tveksamt \u2013 om man med det menar en helt ogenomtr\u00e4nglig barri\u00e4r som&hellip;\n","protected":false},"author":2,"featured_media":120437,"comment_status":"","ping_status":"","sticky":false,"template":"","format":"standard","meta":{"footnotes":""},"categories":[14],"tags":[22,23,26,27,17,21,24,25,28,29,15,16,18,34,31,33,32,30,19,20,51,52,53,54],"class_list":{"0":"post-120436","1":"post","2":"type-post","3":"status-publish","4":"format-standard","5":"has-post-thumbnail","7":"category-varlden","8":"tag-breaking-news","9":"tag-breakingnews","10":"tag-featured-news","11":"tag-featurednews","12":"tag-headlines","13":"tag-huvudnyheter","14":"tag-latest-news","15":"tag-latestnews","16":"tag-main-news","17":"tag-mainnews","18":"tag-news","19":"tag-nyheter","20":"tag-rubriker","21":"tag-se","22":"tag-svenska","23":"tag-sverige","24":"tag-sweden","25":"tag-swedish","26":"tag-top-stories","27":"tag-topstories","28":"tag-varlden","29":"tag-world","30":"tag-world-news","31":"tag-worldnews"},"share_on_mastodon":{"url":"https:\/\/pubeurope.com\/@se\/115806838637311441","error":""},"_links":{"self":[{"href":"https:\/\/www.europesays.com\/se\/wp-json\/wp\/v2\/posts\/120436","targetHints":{"allow":["GET"]}}],"collection":[{"href":"https:\/\/www.europesays.com\/se\/wp-json\/wp\/v2\/posts"}],"about":[{"href":"https:\/\/www.europesays.com\/se\/wp-json\/wp\/v2\/types\/post"}],"author":[{"embeddable":true,"href":"https:\/\/www.europesays.com\/se\/wp-json\/wp\/v2\/users\/2"}],"replies":[{"embeddable":true,"href":"https:\/\/www.europesays.com\/se\/wp-json\/wp\/v2\/comments?post=120436"}],"version-history":[{"count":0,"href":"https:\/\/www.europesays.com\/se\/wp-json\/wp\/v2\/posts\/120436\/revisions"}],"wp:featuredmedia":[{"embeddable":true,"href":"https:\/\/www.europesays.com\/se\/wp-json\/wp\/v2\/media\/120437"}],"wp:attachment":[{"href":"https:\/\/www.europesays.com\/se\/wp-json\/wp\/v2\/media?parent=120436"}],"wp:term":[{"taxonomy":"category","embeddable":true,"href":"https:\/\/www.europesays.com\/se\/wp-json\/wp\/v2\/categories?post=120436"},{"taxonomy":"post_tag","embeddable":true,"href":"https:\/\/www.europesays.com\/se\/wp-json\/wp\/v2\/tags?post=120436"}],"curies":[{"name":"wp","href":"https:\/\/api.w.org\/{rel}","templated":true}]}}