{"id":120438,"date":"2025-12-30T05:21:09","date_gmt":"2025-12-30T05:21:09","guid":{"rendered":"https:\/\/www.europesays.com\/se\/120438\/"},"modified":"2025-12-30T05:21:09","modified_gmt":"2025-12-30T05:21:09","slug":"den-absolut-viktigaste-handelsen-nasta-ar-kommer-ju-vara-valet","status":"publish","type":"post","link":"https:\/\/www.europesays.com\/se\/120438\/","title":{"rendered":"Den absolut viktigaste h\u00e4ndelsen n\u00e4sta \u00e5r kommer ju vara valet"},"content":{"rendered":"<p>&#13;<br \/>\n                                            &#13;<\/p>\n<p class=\"summary\"><strong><\/p>\n<p>Vilken fr\u00e5ga \u00e4r viktig f\u00f6r dig? Enligt landsbygdsminister Peter Kullgren \u00e4r sj\u00e4lvaste valet i sig den viktigaste fr\u00e5gan under 2026.<\/p>\n<p>&#13;<br \/>\n<\/strong><\/p>\n<p>&#13;<br \/>\n                                            <img decoding=\"async\" alt=\"\" src=\"https:\/\/www.europesays.com\/se\/wp-content\/uploads\/2025\/12\/1767072069_419_getimage.aspx.jpeg\"\/>&#13;<br \/>\nVi tr\u00e4ffade p\u00e5 landsbygdsminister Peter Kullgren (KD) under en inspirationsdag inom ekonomi i Karlstad. Foto: Madeleine Rapp&#13;<br \/>\n&#13;<br \/>\n&#13;<\/p>\n<p>Fr\u00e5gorna som ber\u00f6r lantbrukets framtid \u00e4r m\u00e5nga, och n\u00e4sta \u00e5r \u00e4r det \u00e5terigen dags att g\u00f6ra sin r\u00f6st h\u00f6rd i valet 2026. Men vad ber\u00f6r dig som lantbrukare och vilken fr\u00e5ga \u00e4r viktigast f\u00f6r just dig? Jordbruksaktuellt har h\u00f6rt sig f\u00f6r bland m\u00e4nniskor med koppling till branschen om vilken fr\u00e5ga eller h\u00e4ndelse de tycker \u00e4r allra viktigast.\u00a0<\/p>\n<p>&#13;<br \/>\n&#13;<\/p>\n<p><strong>Utifr\u00e5n din position. Vilken \u00e4r den viktigaste h\u00e4ndelsen n\u00e4sta \u00e5r?<\/strong><\/p>\n<p>&#13;<br \/>\n&#13;<\/p>\n<p>\u2013 Den absolut viktigaste h\u00e4ndelsen n\u00e4sta \u00e5r kommer ju vara valet och det kommer vara det viktigaste \u00e4ven f\u00f6r Sveriges jordbrukare.<\/p>\n<p>&#13;<br \/>\n&#13;<\/p>\n<p><strong>Finns det n\u00e5gon valfr\u00e5ga som du sj\u00e4lv tycker \u00e4r extra viktig?<\/strong><\/p>\n<p>&#13;<br \/>\n&#13;<\/p>\n<p>\u2013 Jag kommer att k\u00f6ra stenh\u00e5rt p\u00e5 de h\u00e4r fr\u00e5gorna och kommer s\u00f6ka konflikt med de som tycker annorlunda \u00e4n vad jag g\u00f6r och jag tror jag kommer debattera mycket mot just milj\u00f6partister och centerpartister inf\u00f6r valet. Och jag hoppas det kommer att klarg\u00f6ra skillnaderna inom svensk politik n\u00e4r det kommer till jordbrukspolitiken.<\/p>\n<p>&#13;<br \/>\n&#13;<\/p>\n<p><strong>Om man bortser fr\u00e5n valet, \u00e4r det n\u00e5got annat viktigt som h\u00e4nder n\u00e4sta \u00e5r?<\/strong><\/p>\n<p>&#13;<br \/>\n&#13;<\/p>\n<p>\u2013 Vi har ett enormt tryck nu. Under f\u00f6rsta delen av n\u00e4sta \u00e5r beh\u00f6ver alla propositioner vara klara f\u00f6r att hinnas hanteras under den h\u00e4r mandatperioden. D\u00e4r har vi ju kontrollutredningen och delar av skogsutredningen och delar av Elisabeth Nilssons konkurrenskraftutredning. S\u00e5 det kommer h\u00e4nda j\u00e4ttemycket n\u00e4sta \u00e5r. En hel del som \u00e4r lagstiftning men ocks\u00e5 mycket p\u00e5 f\u00f6rordningssidan som vi arbetar h\u00e5rt med f\u00f6r att hinna f\u00e5 p\u00e5 plats.<\/p>\n<p>&#13;<br \/>\n&#13;<br \/>\n&#13;<br \/>\n&#13;<br \/>\n&#13;<\/p>\n<p>\u00a0<\/p>\n<p>&#13;<br \/>\n&#13;<\/p>\n<p>Artikeln publicerades tisdag den 30 december 2025<\/p>\n<p>&#13;<\/p>\n<p>&#13;<br \/>\n                                               &#8211; -&#13;<br \/>\n                                               -&#13;\n                                            <\/p>\n<p>&#13;<\/p>\n","protected":false},"excerpt":{"rendered":"&#13; &#13; Vilken fr\u00e5ga \u00e4r viktig f\u00f6r dig? Enligt landsbygdsminister Peter Kullgren \u00e4r sj\u00e4lvaste valet i sig den&hellip;\n","protected":false},"author":2,"featured_media":120439,"comment_status":"","ping_status":"","sticky":false,"template":"","format":"standard","meta":{"footnotes":""},"categories":[12],"tags":[22,23,26,27,17,21,24,25,28,29,15,16,18,34,31,33,32,30,19,20],"class_list":{"0":"post-120438","1":"post","2":"type-post","3":"status-publish","4":"format-standard","5":"has-post-thumbnail","7":"category-sverige","8":"tag-breaking-news","9":"tag-breakingnews","10":"tag-featured-news","11":"tag-featurednews","12":"tag-headlines","13":"tag-huvudnyheter","14":"tag-latest-news","15":"tag-latestnews","16":"tag-main-news","17":"tag-mainnews","18":"tag-news","19":"tag-nyheter","20":"tag-rubriker","21":"tag-se","22":"tag-svenska","23":"tag-sverige","24":"tag-sweden","25":"tag-swedish","26":"tag-top-stories","27":"tag-topstories"},"share_on_mastodon":{"url":"https:\/\/pubeurope.com\/@se\/115806842612874402","error":""},"_links":{"self":[{"href":"https:\/\/www.europesays.com\/se\/wp-json\/wp\/v2\/posts\/120438","targetHints":{"allow":["GET"]}}],"collection":[{"href":"https:\/\/www.europesays.com\/se\/wp-json\/wp\/v2\/posts"}],"about":[{"href":"https:\/\/www.europesays.com\/se\/wp-json\/wp\/v2\/types\/post"}],"author":[{"embeddable":true,"href":"https:\/\/www.europesays.com\/se\/wp-json\/wp\/v2\/users\/2"}],"replies":[{"embeddable":true,"href":"https:\/\/www.europesays.com\/se\/wp-json\/wp\/v2\/comments?post=120438"}],"version-history":[{"count":0,"href":"https:\/\/www.europesays.com\/se\/wp-json\/wp\/v2\/posts\/120438\/revisions"}],"wp:featuredmedia":[{"embeddable":true,"href":"https:\/\/www.europesays.com\/se\/wp-json\/wp\/v2\/media\/120439"}],"wp:attachment":[{"href":"https:\/\/www.europesays.com\/se\/wp-json\/wp\/v2\/media?parent=120438"}],"wp:term":[{"taxonomy":"category","embeddable":true,"href":"https:\/\/www.europesays.com\/se\/wp-json\/wp\/v2\/categories?post=120438"},{"taxonomy":"post_tag","embeddable":true,"href":"https:\/\/www.europesays.com\/se\/wp-json\/wp\/v2\/tags?post=120438"}],"curies":[{"name":"wp","href":"https:\/\/api.w.org\/{rel}","templated":true}]}}