{"id":120448,"date":"2025-12-30T05:31:09","date_gmt":"2025-12-30T05:31:09","guid":{"rendered":"https:\/\/www.europesays.com\/se\/120448\/"},"modified":"2025-12-30T05:31:09","modified_gmt":"2025-12-30T05:31:09","slug":"kvinna-atalas-for-att-ha-anlagt-brand-hemma","status":"publish","type":"post","link":"https:\/\/www.europesays.com\/se\/120448\/","title":{"rendered":"Kvinna \u00e5talas f\u00f6r att ha anlagt brand hemma"},"content":{"rendered":"<p class=\"ort\">Tyres\u00f6<\/p>\n<p class=\"text\">En dag i oktober i \u00e5r slog flera personer larm efter att ha sett en brand i en l\u00e4genhet i Bollmora.<\/p>\n<p class=\"text\">\u2013\u00a0Det kom ut v\u00e4ldigt mycket r\u00f6k fr\u00e5n ett f\u00f6nster. R\u00f6ken var svart. Fr\u00e5n de tv\u00e5 andra f\u00f6nstren s\u00e5g jag eld, s\u00e4ger ett vittne i f\u00f6rh\u00f6r. <\/p>\n<p class=\"text\">N\u00e4r r\u00e4ddningstj\u00e4nsten kom fram s\u00e5g de ingen brand utifr\u00e5n, men hittade snart en r\u00f6kskadad l\u00e4genhet med tydliga tecken p\u00e5 brand.<\/p>\n<p class=\"text\">I det kombinerade k\u00f6k- och vardagsrummet fanns sot p\u00e5 v\u00e4ggar, golv och inredning. P\u00e5 toalettlocket hittades en brandskadad ugnspl\u00e5t.<\/p>\n<p>Greps p\u00e5 plats<\/p>\n<p class=\"text\">Kvinnan som bor i l\u00e4genheten var d\u00e5 hemma. Hon misst\u00e4nks ha anlagt branden och har nu \u00e5talats f\u00f6r mordbrand.<\/p>\n<p class=\"text\">I brandresterna p\u00e5 pl\u00e5ten fanns till exempel av vad som troligen \u00e4r wellpapp enligt brandplatsunders\u00f6kningen. Resultat av en kriminalteknisk unders\u00f6kning talar extremt starkt f\u00f6r att det i brandresterna fanns brandfarlig v\u00e4tska som bed\u00f6ms vara motorbensin. <\/p>\n<p class=\"citat\">Det kom ut v\u00e4ldigt mycket r\u00f6k fr\u00e5n ett f\u00f6nster. R\u00f6ken var svart<\/p>\n<p class=\"text\">Kvinnan \u00e5talades ocks\u00e5 f\u00f6r f\u00f6rs\u00f6k till mordbrand tv\u00e5 dagar tidigare. D\u00e5 misst\u00e4nks hon ha h\u00e4llt eller kastat bensin p\u00e5 ett f\u00f6retags garageport i Saltsj\u00f6-Boo i Nacka och sedan t\u00e4nt eld p\u00e5 bensinen. F\u00f6r det \u00e5talades hon ocks\u00e5 f\u00f6r grovt olaga hot riktat mot del\u00e4garna. Hon var tidigare anst\u00e4lld vid f\u00f6retaget. <\/p>\n<p class=\"text\">Branden bed\u00f6ms ha sj\u00e4lvslocknat efter att v\u00e4tskan brunnit upp.<\/p>\n<p class=\"text\">R\u00e4tteg\u00e5ngen inleddes innan jul.<\/p>\n<p><img decoding=\"async\" class=\"Image Image_\" src=\"\" data-aghref=\"http:\/\/www.mitti.se\/image-3.243519.270144.20251230050150.3837305fec\" data-agimagetype=\"hardcrop\" alt=\"I januari forts\u00e4tter r\u00e4tteg\u00e5ngen vid Nacka tingsr\u00e4tt.\"\/><\/p>\n<p class=\"Caption\">I januari forts\u00e4tter r\u00e4tteg\u00e5ngen vid Nacka tingsr\u00e4tt.<\/p>\n<p class=\"Source\">Mostphotos<\/p>\n<p>Nekar till brott<\/p>\n<p class=\"text\">Kvinnan nekade d\u00e5 fortsatt till brott.<\/p>\n<p class=\"text\">\u2013\u00a0Hon vidg\u00e5r vissa omst\u00e4ndigheter, exempelvis att hon varit i hemmet men hon menar att hon lagat mat och att det d\u00e5 uppst\u00e5tt en brand som hon har agerat f\u00f6r att sl\u00e4cka, s\u00e4ger hennes advokat Erik Elg\u00e1n Maschmann. <\/p>\n<p class=\"text\">N\u00e4r det g\u00e4ller \u00e5talet kring Nackaf\u00f6retaget f\u00f6rnekat hon ocks\u00e5 brott. <\/p>\n<p class=\"text\">\u2013\u00a0Hennes uppfattning \u00e4r att hon inte har utf\u00f6rt g\u00e4rningen och inte befunnit sig p\u00e5 platsen, s\u00e4ger han.<\/p>\n<p class=\"text\">Efter f\u00f6rsta r\u00e4tteg\u00e5ngsdagen beslutade tingsr\u00e4tten att kvinnan ska g\u00f6ra en r\u00e4ttspsykiatrisk unders\u00f6kning.<\/p>\n<p class=\"faktarubrik\">Tar oftast en m\u00e5nad<\/p>\n<p class=\"fakta\">Den som har beg\u00e5tt brott kan d\u00f6mas till r\u00e4ttspsykiatrisk v\u00e5rd om den lider av en allvarlig psykisk st\u00f6rning och har behov av r\u00e4ttspsykiatrisk v\u00e5rd.<\/p>\n<p class=\"fakta\">I en r\u00e4ttspsykiatrisk unders\u00f6kning utreder ett team om en brottsmisst\u00e4nkt har n\u00e5gon form av allvarlig psykisk st\u00f6rning. <\/p>\n<p class=\"fakta\">Den som har beg\u00e5tt ett brott under p\u00e5verkan av en allvarlig psykisk st\u00f6rning ska i f\u00f6rsta hand d\u00f6mas till en annan p\u00e5f\u00f6ljd \u00e4n f\u00e4ngelse, enligt lagen. R\u00e4tten f\u00e5r d\u00f6ma till f\u00e4ngelse endast om det finns synnerliga sk\u00e4l.<\/p>\n<p class=\"fakta\">Unders\u00f6kningen tar oftast fyra veckor.<\/p>\n<p class=\"faktakalla\">K\u00e4lla: R\u00e4ttsmedicinalverket<\/p>\n<p class=\"text\">Tingsr\u00e4tten skriver i protokollet fr\u00e5n dagen att \u00f6vertygande bevisning har lagts fram om att kvinnan har gjort sig skyldig till mordbrand och skadeg\u00f6relse. <\/p>\n<p class=\"text\">R\u00e4tteg\u00e5ngen forts\u00e4tter senare i januari, efter den r\u00e4ttspsykiatriska unders\u00f6kningen \u00e4r klar.<\/p>\n<p class=\"text\">Kvinnan ska vara fortsatt h\u00e4ktat under tiden.<\/p>\n","protected":false},"excerpt":{"rendered":"Tyres\u00f6 En dag i oktober i \u00e5r slog flera personer larm efter att ha sett en brand i&hellip;\n","protected":false},"author":2,"featured_media":120449,"comment_status":"","ping_status":"","sticky":false,"template":"","format":"standard","meta":{"footnotes":""},"categories":[12],"tags":[22,23,26,27,17,21,24,25,28,29,15,16,18,34,31,33,32,30,19,20],"class_list":{"0":"post-120448","1":"post","2":"type-post","3":"status-publish","4":"format-standard","5":"has-post-thumbnail","7":"category-sverige","8":"tag-breaking-news","9":"tag-breakingnews","10":"tag-featured-news","11":"tag-featurednews","12":"tag-headlines","13":"tag-huvudnyheter","14":"tag-latest-news","15":"tag-latestnews","16":"tag-main-news","17":"tag-mainnews","18":"tag-news","19":"tag-nyheter","20":"tag-rubriker","21":"tag-se","22":"tag-svenska","23":"tag-sverige","24":"tag-sweden","25":"tag-swedish","26":"tag-top-stories","27":"tag-topstories"},"share_on_mastodon":{"url":"https:\/\/pubeurope.com\/@se\/115806881924216742","error":""},"_links":{"self":[{"href":"https:\/\/www.europesays.com\/se\/wp-json\/wp\/v2\/posts\/120448","targetHints":{"allow":["GET"]}}],"collection":[{"href":"https:\/\/www.europesays.com\/se\/wp-json\/wp\/v2\/posts"}],"about":[{"href":"https:\/\/www.europesays.com\/se\/wp-json\/wp\/v2\/types\/post"}],"author":[{"embeddable":true,"href":"https:\/\/www.europesays.com\/se\/wp-json\/wp\/v2\/users\/2"}],"replies":[{"embeddable":true,"href":"https:\/\/www.europesays.com\/se\/wp-json\/wp\/v2\/comments?post=120448"}],"version-history":[{"count":0,"href":"https:\/\/www.europesays.com\/se\/wp-json\/wp\/v2\/posts\/120448\/revisions"}],"wp:featuredmedia":[{"embeddable":true,"href":"https:\/\/www.europesays.com\/se\/wp-json\/wp\/v2\/media\/120449"}],"wp:attachment":[{"href":"https:\/\/www.europesays.com\/se\/wp-json\/wp\/v2\/media?parent=120448"}],"wp:term":[{"taxonomy":"category","embeddable":true,"href":"https:\/\/www.europesays.com\/se\/wp-json\/wp\/v2\/categories?post=120448"},{"taxonomy":"post_tag","embeddable":true,"href":"https:\/\/www.europesays.com\/se\/wp-json\/wp\/v2\/tags?post=120448"}],"curies":[{"name":"wp","href":"https:\/\/api.w.org\/{rel}","templated":true}]}}