{"id":120454,"date":"2025-12-30T05:34:15","date_gmt":"2025-12-30T05:34:15","guid":{"rendered":"https:\/\/www.europesays.com\/se\/120454\/"},"modified":"2025-12-30T05:34:15","modified_gmt":"2025-12-30T05:34:15","slug":"kollapsade-mitt-under-tour-de-ski-kande-inte-mina-ben","status":"publish","type":"post","link":"https:\/\/www.europesays.com\/se\/120454\/","title":{"rendered":"Kollapsade mitt under Tour de Ski: \u201dK\u00e4nde inte mina ben\u201d"},"content":{"rendered":"<p>Slovenen Anze Gros f\u00f6ll ihop mitt under loppet och f\u00f6rdes akut till sjukhus.\u00a0<\/p>\n<p>Nu ber\u00e4ttar 23-\u00e5ringen vad som h\u00e4nde.\u00a0<\/p>\n<p>\u2013 Jag kollapsade p\u00e5 banan och kunde inte k\u00e4nna mina ben. Det var l\u00e4skigt, s\u00e4ger han.\u00a0<\/p>\n<p><img   alt=\"\"\/><\/p>\n<p>Anze Gros f\u00f6rs iv\u00e4g i ambulans.<\/p>\n<p>Foto: Viaplay<\/p>\n<p>\u00d6ppna bild i helsk\u00e4rmArtikeln i korthet<\/p>\n<p> Anze Gros kollapsade \u00e5tta kilometer in i Tour de Ski och f\u00f6rdes till sjukhus.<\/p>\n<p> Han tappade k\u00e4nseln i benen och kunde inte resa sig.<\/p>\n<p> L\u00e4karna konstaterade kraftig utmattning \u2013 nu m\u00e5r han bra men tvingas avbryta touren.<\/p>\n<p>Visa mer<\/p>\n<p>Incidenten skedde runt \u00e5tta kilometer in i det klassiska milsloppet.<\/p>\n<p>\u2013 Jag var med n\u00e4r vi h\u00e4mtade upp honom i sp\u00e5ren, s\u00e4ger Vigen Hattestad.\u00a0<\/p>\n<p>Gros fick \u00e5ka skoter till en v\u00e4ntande ambulans som har f\u00f6rt honom till sjukhus.<\/p>\n<p>\u2013 Han har varit vid medvetande hela tiden, s\u00e5 vi hoppas det ska g\u00e5 bra, \u00e4ven om vi inte vet exakt vad som h\u00e4nt. V\u00e5r l\u00e4kare \u00e4r med honom ocks\u00e5, s\u00e4ger Ola Vigen Hattestad.<\/p>\n<p><img loading=\"lazy\"   alt=\"\"\/><\/p>\n<p>Anze Gros.<\/p>\n<p>Foto: Kristoffer L\u00f6k\u00e5s<\/p>\n<p>\u00d6ppna bild i helsk\u00e4rmF\u00f6rsta orden \u2013 efter kollapsen<\/p>\n<p>Ett par timmar senare f\u00e5r Expressen tag p\u00e5 Gros \u00f6ver telefon. D\u00e5 har han precis f\u00e5tt komma tillbaka till hotellet.\u00a0<\/p>\n<p>\u2013 Det \u00e4r okej nu. Det \u00e4r bra. Allt s\u00e5g mycket hemskare ut \u00e4n vad det var, s\u00e4ger han.\u00a0<\/p>\n<p>Samtidigt erk\u00e4nner Gros att han varit med om n\u00e5got v\u00e4ldigt ot\u00e4ckt.\u00a0<\/p>\n<p>\u2013 Det som h\u00e4nde var att jag gick lite v\u00e4l djupt ner i k\u00e4llaren, om man s\u00e4ger s\u00e5. Pl\u00f6tsligt hade jag ingen k\u00e4nsel i mina ben och kollapsade i sp\u00e5ret. Jag f\u00f6rs\u00f6kte st\u00e4lla mig upp, men jag kunde inte.\u00a0<\/p>\n<p>Gros ber\u00e4ttar att l\u00e4karna var snabbt p\u00e5 plats f\u00f6r att ta hand om honom.\u00a0<\/p>\n<p>\u2013 Jag k\u00e4nde hela tiden att det var lugnt, men jag f\u00f6rstod inte riktigt vad som h\u00e4nde med min kropp. Det var det v\u00e4rsta.\u00a0<\/p>\n<p>Gros b\u00f6rjar skratta.\u00a0<\/p>\n<p>\u2013 Jag spydde n\u00e4stan p\u00e5 en av l\u00e4karna n\u00e4r de hj\u00e4lpte mig. Det var inte bra.\u00a0<\/p>\n<p>V\u00e4l p\u00e5 sjukhuset kunde l\u00e4karna konstatera att Gros problem berodde p\u00e5 rej\u00e4lt utmattning.\u00a0<\/p>\n<p>\u2013 S\u00e5 allt \u00e4r bra med mig. Det \u00e4r ingen fara.\u00a0<\/p>\n<p>Men touren \u00e4r \u00f6ver f\u00f6r den unge slovenen. P\u00e5 tisdagen reser han hem och vilar ett par dagar innan han sakta b\u00f6rjar tr\u00e4na igen.\u00a0<\/p>\n<p>\u2013 F\u00f6rhoppningsvis ska det g\u00e5 bra och visa sig att det h\u00e4r bara var en eng\u00e5ngsf\u00f6reteelse.\u00a0<\/p>\n<p>Herrloppet vanns av Mattis Stenshagen f\u00f6r Johannes H\u00f6sflot Kl\u00e4bo och Emil Iversen. Edvin Anger blev b\u00e4ste svensk med en femteplats.\u00a0<\/p>\n","protected":false},"excerpt":{"rendered":"Slovenen Anze Gros f\u00f6ll ihop mitt under loppet och f\u00f6rdes akut till sjukhus.\u00a0 Nu ber\u00e4ttar 23-\u00e5ringen vad som&hellip;\n","protected":false},"author":2,"featured_media":120455,"comment_status":"","ping_status":"","sticky":false,"template":"","format":"standard","meta":{"footnotes":""},"categories":[68],"tags":[12726,12204,34,857,111,110,31,33,32,30],"class_list":{"0":"post-120454","1":"post","2":"type-post","3":"status-publish","4":"format-standard","5":"has-post-thumbnail","7":"category-sport","8":"tag-newsstory-tour-de-ski-2025-2026","9":"tag-organization-tour-de-ski","10":"tag-se","11":"tag-sections-langdskidor","12":"tag-sport","13":"tag-sports","14":"tag-svenska","15":"tag-sverige","16":"tag-sweden","17":"tag-swedish"},"share_on_mastodon":{"url":"https:\/\/pubeurope.com\/@se\/115806893689032334","error":""},"_links":{"self":[{"href":"https:\/\/www.europesays.com\/se\/wp-json\/wp\/v2\/posts\/120454","targetHints":{"allow":["GET"]}}],"collection":[{"href":"https:\/\/www.europesays.com\/se\/wp-json\/wp\/v2\/posts"}],"about":[{"href":"https:\/\/www.europesays.com\/se\/wp-json\/wp\/v2\/types\/post"}],"author":[{"embeddable":true,"href":"https:\/\/www.europesays.com\/se\/wp-json\/wp\/v2\/users\/2"}],"replies":[{"embeddable":true,"href":"https:\/\/www.europesays.com\/se\/wp-json\/wp\/v2\/comments?post=120454"}],"version-history":[{"count":0,"href":"https:\/\/www.europesays.com\/se\/wp-json\/wp\/v2\/posts\/120454\/revisions"}],"wp:featuredmedia":[{"embeddable":true,"href":"https:\/\/www.europesays.com\/se\/wp-json\/wp\/v2\/media\/120455"}],"wp:attachment":[{"href":"https:\/\/www.europesays.com\/se\/wp-json\/wp\/v2\/media?parent=120454"}],"wp:term":[{"taxonomy":"category","embeddable":true,"href":"https:\/\/www.europesays.com\/se\/wp-json\/wp\/v2\/categories?post=120454"},{"taxonomy":"post_tag","embeddable":true,"href":"https:\/\/www.europesays.com\/se\/wp-json\/wp\/v2\/tags?post=120454"}],"curies":[{"name":"wp","href":"https:\/\/api.w.org\/{rel}","templated":true}]}}