{"id":120460,"date":"2025-12-30T05:42:07","date_gmt":"2025-12-30T05:42:07","guid":{"rendered":"https:\/\/www.europesays.com\/se\/120460\/"},"modified":"2025-12-30T05:42:07","modified_gmt":"2025-12-30T05:42:07","slug":"balkongbrand-i-luthagen-i-natt","status":"publish","type":"post","link":"https:\/\/www.europesays.com\/se\/120460\/","title":{"rendered":"Balkongbrand i Luthagen i natt"},"content":{"rendered":"<p>02.42 under natten mot tisdag fick SOS Alarm ett samtal om en l\u00e4genhetsbrand p\u00e5 Bredmansgatan i Luthagen. Det handlade om en brand p\u00e5 en balkong men personer p\u00e5 plats kunde sl\u00e4cka med en brandsl\u00e4ckare.\u00c4ven polisen blev utlarmade men det misst\u00e4nks inte brott. Enligt r\u00e4ddningstj\u00e4nsten var en soffa drabbad fast varken orsaken till branden eller skadorna \u00e4r k\u00e4nda.<\/p>\n","protected":false},"excerpt":{"rendered":"02.42 under natten mot tisdag fick SOS Alarm ett samtal om en l\u00e4genhetsbrand p\u00e5 Bredmansgatan i Luthagen. Det&hellip;\n","protected":false},"author":2,"featured_media":99891,"comment_status":"","ping_status":"","sticky":false,"template":"","format":"standard","meta":{"footnotes":""},"categories":[12],"tags":[22,23,26,27,17,21,24,25,28,29,15,16,18,34,31,33,32,30,19,20],"class_list":{"0":"post-120460","1":"post","2":"type-post","3":"status-publish","4":"format-standard","5":"has-post-thumbnail","7":"category-sverige","8":"tag-breaking-news","9":"tag-breakingnews","10":"tag-featured-news","11":"tag-featurednews","12":"tag-headlines","13":"tag-huvudnyheter","14":"tag-latest-news","15":"tag-latestnews","16":"tag-main-news","17":"tag-mainnews","18":"tag-news","19":"tag-nyheter","20":"tag-rubriker","21":"tag-se","22":"tag-svenska","23":"tag-sverige","24":"tag-sweden","25":"tag-swedish","26":"tag-top-stories","27":"tag-topstories"},"share_on_mastodon":{"url":"https:\/\/pubeurope.com\/@se\/115806925103778539","error":""},"_links":{"self":[{"href":"https:\/\/www.europesays.com\/se\/wp-json\/wp\/v2\/posts\/120460","targetHints":{"allow":["GET"]}}],"collection":[{"href":"https:\/\/www.europesays.com\/se\/wp-json\/wp\/v2\/posts"}],"about":[{"href":"https:\/\/www.europesays.com\/se\/wp-json\/wp\/v2\/types\/post"}],"author":[{"embeddable":true,"href":"https:\/\/www.europesays.com\/se\/wp-json\/wp\/v2\/users\/2"}],"replies":[{"embeddable":true,"href":"https:\/\/www.europesays.com\/se\/wp-json\/wp\/v2\/comments?post=120460"}],"version-history":[{"count":0,"href":"https:\/\/www.europesays.com\/se\/wp-json\/wp\/v2\/posts\/120460\/revisions"}],"wp:featuredmedia":[{"embeddable":true,"href":"https:\/\/www.europesays.com\/se\/wp-json\/wp\/v2\/media\/99891"}],"wp:attachment":[{"href":"https:\/\/www.europesays.com\/se\/wp-json\/wp\/v2\/media?parent=120460"}],"wp:term":[{"taxonomy":"category","embeddable":true,"href":"https:\/\/www.europesays.com\/se\/wp-json\/wp\/v2\/categories?post=120460"},{"taxonomy":"post_tag","embeddable":true,"href":"https:\/\/www.europesays.com\/se\/wp-json\/wp\/v2\/tags?post=120460"}],"curies":[{"name":"wp","href":"https:\/\/api.w.org\/{rel}","templated":true}]}}