{"id":120461,"date":"2025-12-30T05:46:07","date_gmt":"2025-12-30T05:46:07","guid":{"rendered":"https:\/\/www.europesays.com\/se\/120461\/"},"modified":"2025-12-30T05:46:07","modified_gmt":"2025-12-30T05:46:07","slug":"porrmodellens-mary-magdalenes-sista-svara-tid-utslagen-i-thailand","status":"publish","type":"post","link":"https:\/\/www.europesays.com\/se\/120461\/","title":{"rendered":"Porrmodellens Mary Magdalenes sista sv\u00e5ra tid \u2013 utslagen i Thailand"},"content":{"rendered":"<p>Publicerad 30 dec 2025 kl 06.28<\/p>\n<p>Instagrammodellen Mary Magdalene, 33, f\u00f6ll mot sin d\u00f6d fr\u00e5n nionde v\u00e5ningen i Thailand.<\/p>\n<p>Hon fascinerade hundratusentals online \u2013 sp\u00e5ren efter influencern vittnar om en sv\u00e5r sista tid.<\/p>\n<p>Senaste klippen fr\u00e5n Expressen inom n\u00f6je.<img   alt=\"\"\/><\/p>\n<p>Sk\u00e4rmdump fr\u00e5n ett av \u201dMary Magdalenes\u201d konton p\u00e5 Instagram. Hon var aktiv p\u00e5 bland annat Instagram och OnlyFans.<\/p>\n<p>\u00d6ppna bild i helsk\u00e4rm<img loading=\"lazy\"   alt=\"\"\/><\/p>\n<p>Sk\u00e4rmdump fr\u00e5n videon p\u00e5 TMZ d\u00e4r hon f\u00f6rs bort p\u00e5 en k\u00e4rra.<\/p>\n<p>\u00d6ppna bild i helsk\u00e4rm<\/p>\n<p>Hon kallade sig Mary Magdalene online, men f\u00f6ddes 1992 som Denise Ivonne Jarvis Gongora.<\/p>\n<p>P\u00e5 sociala medier har hon delat med sig av sitt liv, som i m\u00e5ngt och mycket kretsat kring plastikoperationer, kroppsmodifieringar och avkl\u00e4dda bilder.<\/p>\n<p>De totalt omkring 400 000 f\u00f6ljarna p\u00e5 Instagram har f\u00e5tt f\u00f6lja hennes extrema utseendef\u00f6r\u00e4ndringar. Hon har sj\u00e4lv liknat det hon g\u00f6r vid hur extremsportare hela tiden t\u00e4njer p\u00e5 gr\u00e4nserna.<\/p>\n<p>Samtidigt har hon ber\u00e4ttat att hon varit beroende av att forts\u00e4tta operera sig.<\/p>\n<p>\u2013 Folk vill ofta diagnosticera mig men det h\u00e4r handlar bara om att jag gillar den h\u00e4r plastiga looken, <a href=\"https:\/\/www.tmz.com\/2025\/12\/12\/mary-magdalene-denise-dead\/\" rel=\"nofollow noopener\" target=\"_blank\">s\u00e4ger hon<\/a> i en video som TMZ delat.<\/p>\n<p>F\u00f6rdes bort av polis \u2013 i k\u00e4rra<\/p>\n<p>Mary Magdalene, som \u00e4ven var aktiv p\u00e5 Onlyfans, lade miljontals kronor p\u00e5 plastikoperationer, men det var inte operationerna som blev hennes direkta d\u00f6d.<\/p>\n<p>Hon <a href=\"https:\/\/www.tmz.com\/2025\/12\/12\/mary-magdalene-denise-dead\/\" rel=\"nofollow noopener\" target=\"_blank\">dog<\/a> efter ett fall fr\u00e5n nionde v\u00e5ningen p\u00e5 ett hotell under en vistelse i <a href=\"https:\/\/www.expressen.se\/tagg\/location\/thailand\/\" class=\"\" rel=\"nofollow noopener\" target=\"_blank\">Thailand<\/a>. Kroppen hittades av hotellpersonal p\u00e5 parkeringsplatsen nedanf\u00f6r.<\/p>\n<p><a href=\"https:\/\/www.instagram.com\/p\/DSX17iQklek\/\" data-provider=\"instagram\" class=\"js-social-embed\" rel=\"nofollow noopener\" target=\"_blank\">https:\/\/www.instagram.com\/p\/DSX17iQklek\/<\/a><\/p>\n<p>En video som TMZ kommit \u00f6ver, tagen i Krabi veckor innan hon dog, v\u00e4cker m\u00e5nga fr\u00e5gor kring Mary Magdalenes m\u00e5ende.<\/p>\n<p>D\u00e4r f\u00f6rdes hon bort av lokal polis i en k\u00e4rra medan hon ropade, gestikulerade och skrek. Hon kunde inte g\u00e5 sj\u00e4lv och sa i videon att hon blivit drogad.<\/p>\n<p>Strikt religi\u00f6s uppv\u00e4xt<\/p>\n<p>I en inspelning som hon senare delat h\u00e4vdade hon att hon blev l\u00e4mnad ensam p\u00e5 gatan och sa att det var priset \u201df\u00f6r att vara popul\u00e4r\u201d.<\/p>\n<p>Mary Magdalene v\u00e4xte delvis upp i Kanada men har ocks\u00e5 ursprung fr\u00e5n Mexiko.<\/p>\n<p>N\u00e4r hon f\u00f6rst b\u00f6rjade experimentera med kroppsmodifieringar var hon 18 \u00e5r.<\/p>\n<p>Enligt obekr\u00e4ftade uppgifter v\u00e4xte hon upp i en strikt religi\u00f6s familj och b\u00f6rjade redan som ung ton\u00e5ring att g\u00f6ra uppror mot sin uppv\u00e4xtmilj\u00f6.<\/p>\n<p>\u2013 N\u00e4r jag var 12 och 13 var det mina vildaste \u00e5r i mitt liv. Jag tog kokain. Jag kom till skolan full, har hon sagt till The Mirror.<\/p>\n<p><script async src=\"\/\/www.instagram.com\/embed.js\"><\/script><\/p>\n","protected":false},"excerpt":{"rendered":"Publicerad 30 dec 2025 kl 06.28 Instagrammodellen Mary Magdalene, 33, f\u00f6ll mot sin d\u00f6d fr\u00e5n nionde v\u00e5ningen i&hellip;\n","protected":false},"author":2,"featured_media":120462,"comment_status":"","ping_status":"","sticky":false,"template":"","format":"standard","meta":{"footnotes":""},"categories":[67],"tags":[104,207,2614,34,31,33,32,30,427,310,12816,105],"class_list":{"0":"post-120461","1":"post","2":"type-post","3":"status-publish","4":"format-standard","5":"has-post-thumbnail","7":"category-underhallning","8":"tag-entertainment","9":"tag-location-thailand","10":"tag-organization-onlyfans","11":"tag-se","12":"tag-svenska","13":"tag-sverige","14":"tag-sweden","15":"tag-swedish","16":"tag-topic-dodsfall","17":"tag-topic-kandisar","18":"tag-topic-modeller","19":"tag-underhallning"},"share_on_mastodon":{"url":"https:\/\/pubeurope.com\/@se\/115806940916460530","error":""},"_links":{"self":[{"href":"https:\/\/www.europesays.com\/se\/wp-json\/wp\/v2\/posts\/120461","targetHints":{"allow":["GET"]}}],"collection":[{"href":"https:\/\/www.europesays.com\/se\/wp-json\/wp\/v2\/posts"}],"about":[{"href":"https:\/\/www.europesays.com\/se\/wp-json\/wp\/v2\/types\/post"}],"author":[{"embeddable":true,"href":"https:\/\/www.europesays.com\/se\/wp-json\/wp\/v2\/users\/2"}],"replies":[{"embeddable":true,"href":"https:\/\/www.europesays.com\/se\/wp-json\/wp\/v2\/comments?post=120461"}],"version-history":[{"count":0,"href":"https:\/\/www.europesays.com\/se\/wp-json\/wp\/v2\/posts\/120461\/revisions"}],"wp:featuredmedia":[{"embeddable":true,"href":"https:\/\/www.europesays.com\/se\/wp-json\/wp\/v2\/media\/120462"}],"wp:attachment":[{"href":"https:\/\/www.europesays.com\/se\/wp-json\/wp\/v2\/media?parent=120461"}],"wp:term":[{"taxonomy":"category","embeddable":true,"href":"https:\/\/www.europesays.com\/se\/wp-json\/wp\/v2\/categories?post=120461"},{"taxonomy":"post_tag","embeddable":true,"href":"https:\/\/www.europesays.com\/se\/wp-json\/wp\/v2\/tags?post=120461"}],"curies":[{"name":"wp","href":"https:\/\/api.w.org\/{rel}","templated":true}]}}