{"id":120465,"date":"2025-12-30T05:50:26","date_gmt":"2025-12-30T05:50:26","guid":{"rendered":"https:\/\/www.europesays.com\/se\/120465\/"},"modified":"2025-12-30T05:50:26","modified_gmt":"2025-12-30T05:50:26","slug":"det-var-inte-sa-farligt-sager-kryssningsgaster-om-stormen-vagboj-registrerade-felaktigt-rekord-inrikes","status":"publish","type":"post","link":"https:\/\/www.europesays.com\/se\/120465\/","title":{"rendered":"\u201dDet var inte s\u00e5 farligt\u201d, s\u00e4ger kryssnings\u00adg\u00e4ster om stormen \u2013 v\u00e5gboj registrerade felaktigt rekord | Inrikes"},"content":{"rendered":"<p class=\"aw-1gybjub aw-5vja16 kEtdKx kmuxyA yle__article__paragraph\">Emilia Kangas upplevde stormen Hannes ombord p\u00e5 Baltic Princess. En v\u00e5gboj p\u00e5 Bottenhavet registrerade en signifikant v\u00e5gh\u00f6jd p\u00e5 \u00f6ver 20 meter, p\u00e5 grund av ett fel.<\/p>\n<p><img decoding=\"async\" alt=\"En kvinna st\u00e5r p\u00e5 ett fartygs d\u00e4ck.\" src=\"https:\/\/www.europesays.com\/se\/wp-content\/uploads\/2025\/12\/39-157490069512b2a8123c.jpeg\" class=\"aw-1l9m598 hKVVvP\"\/><\/p>\n<p>\u00d6ppna bildvisare<\/p>\n<p>Emilia Kangas fick uppleva ett vackert lugn efter stormen p\u00e5 s\u00f6ndagen p\u00e5 fartyget Baltic Princess. Bild: PrivatLyssna (du h\u00f6r en artificiell r\u00f6st) 3:54<\/p>\n<p class=\"aw-1gybjub aw-1p7kakr kEtdKx cEmitX yle__article__paragraph\">\u2013 Natten var ganska svajig, men det var inte s\u00e5 farligt. Mellan tolv och tv\u00e5 s\u00e5 k\u00e4nde man nog \u00e4nd\u00e5 av att det gungade ordentligt. Men ingenting f\u00f6ll omkull, inget s\u00e5 dramatiskt, s\u00e4ger <strong class=\"aw-ak79eh KyCXm yle__article__strong\">Emilia Kangas<\/strong>.<\/p>\n<p class=\"aw-1gybjub aw-1p7kakr kEtdKx cEmitX yle__article__paragraph\">Kangas \u00e4r p\u00e5 fartyget Baltic Princess n\u00e4r Svenska Yle tar kontakt med henne. Fartyget h\u00e5ller just p\u00e5 att k\u00f6ra genom \u00c5lands sk\u00e4rg\u00e5rd, p\u00e5 v\u00e4g till \u00c5bo.<\/p>\n<p class=\"aw-1gybjub aw-1p7kakr kEtdKx cEmitX yle__article__paragraph\">F\u00f6r n\u00e5gra timmar sedan var fartyget ute p\u00e5 \u00f6ppet hav mellan Finland och Sverige, och d\u00e5 var sj\u00f6g\u00e5ngen ganska h\u00e5rd.<\/p>\n<p class=\"aw-1gybjub aw-1p7kakr kEtdKx cEmitX yle__article__paragraph\">\u2013 Jag tror det har varit v\u00e4rre p\u00e5 land, d\u00e4r det viner kring husen och tr\u00e4d faller, s\u00e4ger Kangas.<\/p>\n<p class=\"aw-1gybjub aw-1p7kakr kEtdKx cEmitX yle__article__paragraph\">Kryssningen har i \u00f6vrigt l\u00f6pt som normalt. Passagerarna \u00e4r f\u00e5, och Kangas s\u00e4ger att personalen tagit det lugnt.<\/p>\n<p class=\"aw-1gybjub aw-1p7kakr kEtdKx cEmitX yle__article__paragraph\">\u2013 De st\u00e4ngde d\u00e4cken, men d\u00f6rrarna var inte l\u00e5sta s\u00e5 folk gick ut \u00e4nd\u00e5. Det var ett rej\u00e4lt korsdrag mellan d\u00f6rrarna, ber\u00e4ttar Kangas.<\/p>\n<p>\u201dM\u00e4rktes n\u00e4r man gick och lade sig\u201d<\/p>\n<p class=\"aw-1gybjub aw-1p7kakr kEtdKx cEmitX yle__article__paragraph\">\u2013 Det bl\u00e5ste v\u00e4ldigt mycket, b\u00e5ten gungade upp och ner. Det \u00e4r en s\u00e5 pass stor b\u00e5t att det inte m\u00e4rktes desto mer. Men n\u00e4r man gick och lade sig s\u00e5 m\u00e4rkte man det, s\u00e4ger <strong class=\"aw-ak79eh KyCXm yle__article__strong\">Jimmy Granholm<\/strong> som ocks\u00e5 \u00e4r p\u00e5 samma kryssning p\u00e5 Baltic Princess.<\/p>\n<p class=\"aw-1gybjub aw-1p7kakr kEtdKx cEmitX yle__article__paragraph\">Granholm har bott ute i sk\u00e4rg\u00e5rden p\u00e5 \u00c5land, s\u00e5 han har varit ute p\u00e5 havet d\u00e5 det stormat ocks\u00e5 tidigare.<\/p>\n<p><img decoding=\"async\" alt=\"Silja Lines fartyg M\/S Galaxy st\u00e5r i hamnen i Mariehamn.\" src=\"https:\/\/www.europesays.com\/se\/wp-content\/uploads\/2025\/12\/39-99229962f331361f74d.jpeg\" loading=\"lazy\" class=\"aw-1l9m598 hKVVvP\"\/><\/p>\n<p>\u00d6ppna bildvisare<\/p>\n<p>Baltic Princess kunde inte ta i land p\u00e5 \u00c5land p\u00e5 grund av den h\u00e5rda vinden. Arkivbild, fartyget p\u00e5 bilden \u00e4r M\/S Galaxy.  Bild: John Peter\/Alamy\/All Over Press<\/p>\n<p class=\"aw-1gybjub aw-1p7kakr kEtdKx cEmitX yle__article__paragraph\">\u2013 En g\u00e5ng var jag p\u00e5 en bilf\u00e4rja n\u00e4r det bl\u00e5ste 33 sekundmeter. Rampen \u00e5kte upp och ned, och v\u00e5gorna slog \u00f6ver f\u00e4rjan.<\/p>\n<p class=\"aw-1gybjub aw-1p7kakr kEtdKx cEmitX yle__article__paragraph\">D\u00e4rmed var Granholm inte speciellt nerv\u00f6s f\u00f6r att \u00e5ka ut p\u00e5 kryssning i stormen.<\/p>\n<p class=\"aw-1gybjub aw-1p7kakr kEtdKx cEmitX yle__article__paragraph\">\u2013 Nej, jag tror det var s\u00e4krare p\u00e5 b\u00e5ten \u00e4n p\u00e5 land. Det \u00e4r ganska tomt h\u00e4r p\u00e5 b\u00e5ten ocks\u00e5. Kanske folk inte har julledigt l\u00e4ngre eller s\u00e5 var de r\u00e4dda f\u00f6r stormen, s\u00e4ger Granholm.<\/p>\n<p class=\"aw-1gybjub aw-1p7kakr kEtdKx cEmitX yle__article__paragraph\">Tallink Silja har k\u00f6rt sina fartyg som normalt. Deras fartyg Baltic Princess l\u00e4t \u00e4nd\u00e5 bli att l\u00e4gga till p\u00e5 \u00c5land p\u00e5 grund av den h\u00e5rda vinden \u2013 n\u00e5got rederiet redan p\u00e5 f\u00f6rhand uppgav var sannolikt.<\/p>\n<p>V\u00e5gboj registrerade 20 meter h\u00f6g v\u00e5g<\/p>\n<p class=\"aw-1gybjub aw-1p7kakr kEtdKx cEmitX yle__article__paragraph\">D\u00e5 man ser p\u00e5 data fr\u00e5n Meteorologiska institutet f\u00e5r man bilden att stormen Hannes varit rej\u00e4lt mer dramatisk \u00e4n den i sj\u00e4lva verket varit. En boj som m\u00e4ter v\u00e5gh\u00f6jden p\u00e5 Bottenviken har n\u00e4mligen registrerat en signifikant v\u00e5gh\u00f6jd p\u00e5 dryga 11 meter klockan 1 i natt.<\/p>\n<p class=\"aw-1gybjub aw-1p7kakr kEtdKx cEmitX yle__article__paragraph\"><a class=\"aw-iao6s4 iHOxEa yle__article__link\" href=\"https:\/\/www.ilmatieteenlaitos.fi\/aaltoennatykset-itamerella\" role=\"link\" rel=\"nofollow noopener\" target=\"_blank\">Det senaste v\u00e5grekordet i Finland \u00e4r 8,5 meter<\/a>, och rekordet uppm\u00e4ttes \u00e5r 2004 under stormen Rafael. D\u00e5 pratar vi redan om en v\u00e5g som \u00e4r h\u00f6g som ett tv\u00e5v\u00e5ningshus. En 11 meter h\u00f6g v\u00e5g motsvarar ungef\u00e4r ett trev\u00e5ningshus.<\/p>\n<p class=\"aw-1gybjub aw-1p7kakr kEtdKx cEmitX yle__article__paragraph\">Den <a class=\"aw-iao6s4 iHOxEa yle__article__link\" href=\"https:\/\/sv.ilmatieteenlaitos.fi\/signifikanta-vaghojden\" role=\"link\" rel=\"nofollow noopener\" target=\"_blank\">signifikanta v\u00e5gh\u00f6jden<\/a> ber\u00e4knas s\u00e5 att den motsvarar h\u00f6jden p\u00e5 den h\u00f6gsta tredjedelen av v\u00e5gorna i medeltal under en tidsperiod p\u00e5 15\u201330 minuter. Den enskilt h\u00f6gsta v\u00e5gen kan \u00e4nd\u00e5 vara n\u00e4stan tv\u00e5 g\u00e5nger den signifikanta v\u00e5gh\u00f6jden.<\/p>\n<p class=\"aw-1gybjub aw-1p7kakr kEtdKx cEmitX yle__article__paragraph\">N\u00e4r Svenska Yle ringer upp Meteorologiska institutet uppger de \u00e4nd\u00e5 att det handlar om ett m\u00e4tfel.<\/p>\n<p><img decoding=\"async\" alt=\"Forskare p\u00e5 Aranda hanterar en v\u00e5gboj p\u00e5 d\u00e4ck.\" src=\"https:\/\/www.europesays.com\/se\/wp-content\/uploads\/2025\/12\/39-5127575bac847985726.jpeg\" loading=\"lazy\" class=\"aw-1l9m598 hKVVvP\"\/><\/p>\n<p>\u00d6ppna bildvisare<\/p>\n<p>S\u00e5 h\u00e4r ser bojarna ut som ligger i havet och m\u00e4ter v\u00e5gh\u00f6jden. Forskare p\u00e5 fartyget Aranda hanterar bojen i denh\u00e4r arkivbilden. Bild: Finlands Milj\u00f6central\/Ilkka Lastum\u00e4ki<\/p>\n<p class=\"aw-1gybjub aw-1p7kakr kEtdKx cEmitX yle__article__paragraph\">N\u00e4r man ser p\u00e5 data saknas ocks\u00e5 v\u00e5gh\u00f6jden f\u00f6r 22.30 och 23 p\u00e5 l\u00f6rdagskv\u00e4llen, vilket Meteorologiska institutet \u00e4ven f\u00f6rklarar med ett m\u00e4tfel \u2013 d\u00e5 uppgav n\u00e4mligen bojen att den signifikanta v\u00e5gh\u00f6jden l\u00e5g p\u00e5 \u00f6ver 20 meter. De v\u00e5gorna \u00e4r av ungef\u00e4r samma storleksklass som de tsunamiv\u00e5gor som slog till mot bland annat Thailand \u00e5r 2004, och d\u00f6dade 230\u00a0000 personer i de drabbade l\u00e4nderna.<\/p>\n<p class=\"aw-1gybjub aw-1p7kakr kEtdKx cEmitX yle__article__paragraph\">Meteorologiska institutet uppger att nattens verkliga h\u00f6gsta siffra ligger p\u00e5 8 meter, vilket \u00e4nd\u00e5 i sig \u00e4r exceptionellt h\u00f6ga v\u00e5gor.<\/p>\n<p class=\"aw-1gybjub aw-1p7kakr kEtdKx cEmitX yle__article__paragraph\"><strong class=\"aw-ak79eh KyCXm yle__article__strong\">Vilken \u00e4r den h\u00f6gsta v\u00e5gen du sett till havs? Ber\u00e4tta i kommentarsf\u00e4ltet.<\/strong><\/p>\n","protected":false},"excerpt":{"rendered":"Emilia Kangas upplevde stormen Hannes ombord p\u00e5 Baltic Princess. En v\u00e5gboj p\u00e5 Bottenhavet registrerade en signifikant v\u00e5gh\u00f6jd p\u00e5&hellip;\n","protected":false},"author":2,"featured_media":120466,"comment_status":"","ping_status":"","sticky":false,"template":"","format":"standard","meta":{"footnotes":""},"categories":[12],"tags":[1793,22,23,26,27,684,17,21,683,24,25,28,29,15,16,12818,18,1683,34,4976,31,33,32,30,19,20,693,12817],"class_list":{"0":"post-120465","1":"post","2":"type-post","3":"status-publish","4":"format-standard","5":"has-post-thumbnail","7":"category-sverige","8":"tag-aboland","9":"tag-breaking-news","10":"tag-breakingnews","11":"tag-featured-news","12":"tag-featurednews","13":"tag-finland","14":"tag-headlines","15":"tag-huvudnyheter","16":"tag-inrikes","17":"tag-latest-news","18":"tag-latestnews","19":"tag-main-news","20":"tag-mainnews","21":"tag-news","22":"tag-nyheter","23":"tag-ovader","24":"tag-rubriker","25":"tag-samhalle","26":"tag-se","27":"tag-stormar","28":"tag-svenska","29":"tag-sverige","30":"tag-sweden","31":"tag-swedish","32":"tag-top-stories","33":"tag-topstories","34":"tag-vader","35":"tag-vaghojd"},"share_on_mastodon":{"url":"https:\/\/pubeurope.com\/@se\/115806956638756928","error":""},"_links":{"self":[{"href":"https:\/\/www.europesays.com\/se\/wp-json\/wp\/v2\/posts\/120465","targetHints":{"allow":["GET"]}}],"collection":[{"href":"https:\/\/www.europesays.com\/se\/wp-json\/wp\/v2\/posts"}],"about":[{"href":"https:\/\/www.europesays.com\/se\/wp-json\/wp\/v2\/types\/post"}],"author":[{"embeddable":true,"href":"https:\/\/www.europesays.com\/se\/wp-json\/wp\/v2\/users\/2"}],"replies":[{"embeddable":true,"href":"https:\/\/www.europesays.com\/se\/wp-json\/wp\/v2\/comments?post=120465"}],"version-history":[{"count":0,"href":"https:\/\/www.europesays.com\/se\/wp-json\/wp\/v2\/posts\/120465\/revisions"}],"wp:featuredmedia":[{"embeddable":true,"href":"https:\/\/www.europesays.com\/se\/wp-json\/wp\/v2\/media\/120466"}],"wp:attachment":[{"href":"https:\/\/www.europesays.com\/se\/wp-json\/wp\/v2\/media?parent=120465"}],"wp:term":[{"taxonomy":"category","embeddable":true,"href":"https:\/\/www.europesays.com\/se\/wp-json\/wp\/v2\/categories?post=120465"},{"taxonomy":"post_tag","embeddable":true,"href":"https:\/\/www.europesays.com\/se\/wp-json\/wp\/v2\/tags?post=120465"}],"curies":[{"name":"wp","href":"https:\/\/api.w.org\/{rel}","templated":true}]}}