{"id":120467,"date":"2025-12-30T05:53:07","date_gmt":"2025-12-30T05:53:07","guid":{"rendered":"https:\/\/www.europesays.com\/se\/120467\/"},"modified":"2025-12-30T05:53:07","modified_gmt":"2025-12-30T05:53:07","slug":"bottenlagets-vandningtar-nionde-raka-segern-nhl","status":"publish","type":"post","link":"https:\/\/www.europesays.com\/se\/120467\/","title":{"rendered":"Bottenlagets v\u00e4ndning:\nTar nionde raka segern | NHL"},"content":{"rendered":"<p>Publicerad 30 dec 2025 kl 06.34<\/p>\n<p>LOS ANGELES. Nionde raka segern.<\/p>\n<p>Buffalo Sabres \u00e4r pl\u00f6tsligt NHL:s hetaste lag.<\/p>\n<p>I natt var lagkaptenen och backstj\u00e4rnan Rasmus Dahlin tillbaka i laguppst\u00e4llningen efter blixtresan till Sverige \u00f6ver julen.<\/p>\n<p>Buffalo vann med 4-2 i St. Louis.<\/p>\n<p>Och Noah \u00d6stlund, 21, forts\u00e4tter att imponera.<\/p>\n<p><img   alt=\"\"\/> <\/p>\n<p>Foto: SERGEI BELSKI \/ USA TODAY SPORTS BILDBYR\u00c5N<\/p>\n<p>\u00d6ppna bild i helsk\u00e4rm<\/p>\n<p>Han gav Sabres ledningen med 1-0 efter drygt tv\u00e5 minuter efter en fin framspelning av Josh Norris.<\/p>\n<p>Det var \u00d6stlunds tredje m\u00e5l p\u00e5 de sex senaste matcherna. Och hans sj\u00e4tte m\u00e5l och nionde po\u00e4ng den h\u00e4r s\u00e4songen.<\/p>\n<p>Buffalo hade en tuff start i serien och s\u00e5g ut att bli ett bottenlag \u00e4ven i vinter. S\u00e5 sent som den 8 december l\u00e5g laget sist i Eastern conference.<\/p>\n<p>Men nu finns hopp om en plats ovan strecket efter 14 \u00e5r utan slutspelshockey f\u00f6r klubben.<\/p>\n<p>Man \u00e4r tv\u00e5 po\u00e4ng fr\u00e5n tredjeplatsen i tabellen f\u00f6r Atlantic-divisionen och har samma po\u00e4ng (44) som Florida Panthers i kampen om den andra och sista wildcardplatsen p\u00e5 ligans \u00f6stra halva.<\/p>\n<p>Noah \u00d6stlund matchades i natt i en kedja tillsammans med Josh Norris och Alex Tuch.<\/p>\n<p>\u00d6stlunds m\u00e5l kom p\u00e5 ett direktskott fr\u00e5n den h\u00f6gra tekningscirkeln sedan Norris brutit ett uppspel av Logan Mailloux\u00a0<\/p>\n<p>Det blev 21 byten och 12.57 minuter p\u00e5 isen f\u00f6r svensken, som var +1. Tuch var ocks\u00e5 m\u00e5lskytt.<\/p>\n<p>Rasmus Dahlin tillbaka<\/p>\n<p>Rasmus Dahlin, 25, ber\u00e4ttade i en intervju med klubbens hemsida f\u00f6re m\u00e5ndagens match i St. Louis att han under julbes\u00f6ket hos sin sambo i Sverige, Carolina Matovac, stannade p\u00e5 amerikansk tid.<\/p>\n<p>\u2013 Jag gjorde det f\u00f6r att omst\u00e4llningen inte skulle bli s\u00e5 stor n\u00e4r jag kom tillbaka och det har fungerat bra, sa Rasmus.<\/p>\n<p>Hans sambo genomgick en komplicerad hj\u00e4rtoperation i somras och genomg\u00e5r fortfarande rehabilitering i Europa.<\/p>\n<p>Dahlin hade fem skott p\u00e5 m\u00e5l i nattens match, men gjorde inga po\u00e4ng (-1) efter 23.40 minuter (25 byten).<\/p>\n","protected":false},"excerpt":{"rendered":"Publicerad 30 dec 2025 kl 06.34 LOS ANGELES. Nionde raka segern. Buffalo Sabres \u00e4r pl\u00f6tsligt NHL:s hetaste lag.&hellip;\n","protected":false},"author":2,"featured_media":120468,"comment_status":"","ping_status":"","sticky":false,"template":"","format":"standard","meta":{"footnotes":""},"categories":[68],"tags":[3767,421,34,255,256,111,110,31,33,32,30],"class_list":{"0":"post-120467","1":"post","2":"type-post","3":"status-publish","4":"format-standard","5":"has-post-thumbnail","7":"category-sport","8":"tag-organization-buffalo-sabres","9":"tag-organization-nhl","10":"tag-se","11":"tag-sections-ishockey","12":"tag-sections-nhl","13":"tag-sport","14":"tag-sports","15":"tag-svenska","16":"tag-sverige","17":"tag-sweden","18":"tag-swedish"},"share_on_mastodon":{"url":"https:\/\/pubeurope.com\/@se\/115806968410450632","error":""},"_links":{"self":[{"href":"https:\/\/www.europesays.com\/se\/wp-json\/wp\/v2\/posts\/120467","targetHints":{"allow":["GET"]}}],"collection":[{"href":"https:\/\/www.europesays.com\/se\/wp-json\/wp\/v2\/posts"}],"about":[{"href":"https:\/\/www.europesays.com\/se\/wp-json\/wp\/v2\/types\/post"}],"author":[{"embeddable":true,"href":"https:\/\/www.europesays.com\/se\/wp-json\/wp\/v2\/users\/2"}],"replies":[{"embeddable":true,"href":"https:\/\/www.europesays.com\/se\/wp-json\/wp\/v2\/comments?post=120467"}],"version-history":[{"count":0,"href":"https:\/\/www.europesays.com\/se\/wp-json\/wp\/v2\/posts\/120467\/revisions"}],"wp:featuredmedia":[{"embeddable":true,"href":"https:\/\/www.europesays.com\/se\/wp-json\/wp\/v2\/media\/120468"}],"wp:attachment":[{"href":"https:\/\/www.europesays.com\/se\/wp-json\/wp\/v2\/media?parent=120467"}],"wp:term":[{"taxonomy":"category","embeddable":true,"href":"https:\/\/www.europesays.com\/se\/wp-json\/wp\/v2\/categories?post=120467"},{"taxonomy":"post_tag","embeddable":true,"href":"https:\/\/www.europesays.com\/se\/wp-json\/wp\/v2\/tags?post=120467"}],"curies":[{"name":"wp","href":"https:\/\/api.w.org\/{rel}","templated":true}]}}