{"id":120472,"date":"2025-12-30T05:58:19","date_gmt":"2025-12-30T05:58:19","guid":{"rendered":"https:\/\/www.europesays.com\/se\/120472\/"},"modified":"2025-12-30T05:58:19","modified_gmt":"2025-12-30T05:58:19","slug":"tusentals-stromlosa-efter-stormen-ett-slagfalt-2","status":"publish","type":"post","link":"https:\/\/www.europesays.com\/se\/120472\/","title":{"rendered":"Tusentals str\u00f6ml\u00f6sa efter stormen \u201dEtt slagf\u00e4lt\u201d"},"content":{"rendered":"<p>Delar av norra och mellersta Sverige vaknade p\u00e5 s\u00f6ndagen upp till stor f\u00f6r\u00f6delse och \u00f6ver 40\u00a0000 abonnenter i de v\u00e4rst drabbade omr\u00e5dena var utan str\u00f6m.<\/p>\n<p>Eln\u00e4tsbolagen har arbetat med att \u00e5terst\u00e4lla str\u00f6mf\u00f6rs\u00f6rjningen, men p\u00e5 m\u00e5ndagsmorgonen vid 9-tiden var \u00f6ver 15\u00a0000 hush\u00e5ll fortsatt str\u00f6ml\u00f6sa hos Ellevio, Eon och Vattenfall.<\/p>\n<p>V\u00e4rst drabbat \u00e4r G\u00e4vleborgs l\u00e4n, med \u00f6ver 9\u00a0000 str\u00f6ml\u00f6sa kunder, f\u00f6ljt av V\u00e4sternorrland med \u00f6ver 4\u00a0000.<\/p>\n<p>Enligt Ellevio g\u00e5r arbetet l\u00e5ngsammare \u00e4n normalt p\u00e5 grund av \u201dextrema m\u00e4ngder\u201d nedfallna tr\u00e4d. Bolaget hade p\u00e5 m\u00e5ndagsmorgonen 8\u00a0400 kunder utan str\u00f6m, i princip uteslutande i H\u00e4lsingland.<\/p>\n<p>\u2013 Det \u00e4r s\u00e5 mycket tr\u00e4d som har ramlat att det inte g\u00e5r att g\u00e5 fram med s\u00e5g. Det beh\u00f6vs maskiner f\u00f6r att r\u00f6ja skog och sedan mont\u00f6rer som kan reparera elledningar, s\u00e4ger Jesper Liver\u00f6d, presschef p\u00e5 Ellevio.<\/p>\n<p>Presschefen har \u201dgott hopp\u201d om att flera tusen ska \u00e5terf\u00e5 str\u00f6mmen under dagen.<\/p>\n<p>\u2013 Dessv\u00e4rre \u00e4r det h\u00e4r s\u00e5 pass omfattande att det finns stor risk att en hel del kunder fortfarande kommer sakna el bortom morgondagen.<\/p>\n<p>\u00c4ven Vattenfall och Eon uppger att Johannes framfart medf\u00f6rde stora skador p\u00e5 bolagens eln\u00e4t.<\/p>\n<p>Tusentals tr\u00e4d f\u00f6ll under stormen. Tre personer rapporteras ha omkommit.<\/p>\n","protected":false},"excerpt":{"rendered":"Delar av norra och mellersta Sverige vaknade p\u00e5 s\u00f6ndagen upp till stor f\u00f6r\u00f6delse och \u00f6ver 40\u00a0000 abonnenter i&hellip;\n","protected":false},"author":2,"featured_media":120473,"comment_status":"","ping_status":"","sticky":false,"template":"","format":"standard","meta":{"footnotes":""},"categories":[12],"tags":[22,23,26,27,17,21,24,25,28,29,15,16,18,34,31,33,32,30,19,20],"class_list":{"0":"post-120472","1":"post","2":"type-post","3":"status-publish","4":"format-standard","5":"has-post-thumbnail","7":"category-sverige","8":"tag-breaking-news","9":"tag-breakingnews","10":"tag-featured-news","11":"tag-featurednews","12":"tag-headlines","13":"tag-huvudnyheter","14":"tag-latest-news","15":"tag-latestnews","16":"tag-main-news","17":"tag-mainnews","18":"tag-news","19":"tag-nyheter","20":"tag-rubriker","21":"tag-se","22":"tag-svenska","23":"tag-sverige","24":"tag-sweden","25":"tag-swedish","26":"tag-top-stories","27":"tag-topstories"},"share_on_mastodon":{"url":"https:\/\/pubeurope.com\/@se\/115806988047514908","error":""},"_links":{"self":[{"href":"https:\/\/www.europesays.com\/se\/wp-json\/wp\/v2\/posts\/120472","targetHints":{"allow":["GET"]}}],"collection":[{"href":"https:\/\/www.europesays.com\/se\/wp-json\/wp\/v2\/posts"}],"about":[{"href":"https:\/\/www.europesays.com\/se\/wp-json\/wp\/v2\/types\/post"}],"author":[{"embeddable":true,"href":"https:\/\/www.europesays.com\/se\/wp-json\/wp\/v2\/users\/2"}],"replies":[{"embeddable":true,"href":"https:\/\/www.europesays.com\/se\/wp-json\/wp\/v2\/comments?post=120472"}],"version-history":[{"count":0,"href":"https:\/\/www.europesays.com\/se\/wp-json\/wp\/v2\/posts\/120472\/revisions"}],"wp:featuredmedia":[{"embeddable":true,"href":"https:\/\/www.europesays.com\/se\/wp-json\/wp\/v2\/media\/120473"}],"wp:attachment":[{"href":"https:\/\/www.europesays.com\/se\/wp-json\/wp\/v2\/media?parent=120472"}],"wp:term":[{"taxonomy":"category","embeddable":true,"href":"https:\/\/www.europesays.com\/se\/wp-json\/wp\/v2\/categories?post=120472"},{"taxonomy":"post_tag","embeddable":true,"href":"https:\/\/www.europesays.com\/se\/wp-json\/wp\/v2\/tags?post=120472"}],"curies":[{"name":"wp","href":"https:\/\/api.w.org\/{rel}","templated":true}]}}