{"id":120476,"date":"2025-12-30T06:11:10","date_gmt":"2025-12-30T06:11:10","guid":{"rendered":"https:\/\/www.europesays.com\/se\/120476\/"},"modified":"2025-12-30T06:11:10","modified_gmt":"2025-12-30T06:11:10","slug":"slutdaltat-utvisningsdomda-brottslingar-far-klara-sig-utan-bostadsbidrag","status":"publish","type":"post","link":"https:\/\/www.europesays.com\/se\/120476\/","title":{"rendered":"Slutdaltat \u2013 utvisningsd\u00f6mda brottslingar f\u00e5r klara sig utan bostadsbidrag"},"content":{"rendered":"<p>Migrationsministern: Nu s\u00e4tter vi stopp f\u00f6r galenskapen<img decoding=\"async\" class=\"image-asset hyperion-css-n6kkq1\" data-test-tag=\"image-asset\" src=\"https:\/\/www.europesays.com\/se\/wp-content\/uploads\/2025\/08\/ab-icon-circle-quote@2x.png\"  alt=\"\"  loading=\"lazy\" fetchpriority=\"auto\" style=\"aspect-ratio:16 \/ 16\"\/><\/p>\n<p class=\"boxtextgrotesk-root_baa6 hyperion-css-qkznpo\"><strong>Detta \u00e4r en debattartikel.<\/strong> Det \u00e4r skribenten som st\u00e5r f\u00f6r \u00e5sikterna som f\u00f6rs fram i texten, inte Aftonbladet.<\/p>\n<p>share-arrowDela<\/p>\n<p>unsaveSpara<\/p>\n<p>expand-left<\/p>\n<p>helsk\u00e4rm<img decoding=\"async\" class=\"image-asset hyperion-css-u06ts1\" data-test-tag=\"image-asset\" src=\"https:\/\/www.europesays.com\/se\/wp-content\/uploads\/2025\/12\/465ecd76-2f80-4d8a-947f-d159c88fafa4.jpeg\"  alt=\"Utvisningsd\u00f6mda brottslingar ska tilldelas en boendeplats p\u00e5 ett av Migrationsverkets boenden, skriver undertecknaren. \"  loading=\"eager\" fetchpriority=\"high\" style=\"aspect-ratio:1900 \/ 1267\"\/>Utvisningsd\u00f6mda brottslingar ska tilldelas en boendeplats p\u00e5 ett av Migrationsverkets boenden, skriver undertecknaren. Foto: Anders Wiklund\/TT<\/p>\n<p class=\"hyperion-css-1v9qo5x\">DEBATT. Regeringens intensiva arbete med att skapa ordning och reda i migrationspolitiken forts\u00e4tter. Det \u00e4r ett projekt som varje dag p\u00e5minner om att de r\u00f6dgr\u00f6na under sin tid vid makten bedrev en politik p\u00e5 omr\u00e5det som inte bara var kravl\u00f6s \u2013 utan i m\u00e5nga fall ocks\u00e5 rent huvudl\u00f6s.<\/p>\n<p class=\"hyperion-css-1v9qo5x\"><strong>Ett praktexempel r\u00f6r reglerna f\u00f6r utvisningsd\u00f6mda brottslingar som inte kan utvisas, till exempel f\u00f6r att mottagarlandet v\u00e4grar att ta emot dem. I dessa fall har Sverige haft som praxis att bevilja tidsbegr\u00e4nsade uppeh\u00e5llstillst\u00e5nd. D\u00e4rmed har en brottsling kunnat vara kvar i Sverige, under hela uppeh\u00e5llstillst\u00e5ndets l\u00e4ngd,<\/strong><strong> \u00e4ven <\/strong><strong>om hindret mot utvisningen f\u00f6rsvunnit.<\/strong><\/p>\n<blockquote data-test-tag=\"blockquote\" class=\"blockquote-content_747c\"><p>pullquoteDen r\u00f6dgr\u00f6na regeringen valde att inte agera<\/p><\/blockquote>\n<p class=\"hyperion-css-1v9qo5x\">Bland personer som f\u00e5tt stanna finns de som d\u00f6mts f\u00f6r brott som v\u00e5ldt\u00e4kt och mord. Ett annat fall handlar om en individ som S\u00e4kerhetspolisen bed\u00f6mt vara ett m\u00f6jligt s\u00e4kerhetshot. Kammarr\u00e4tten i Stockholm skriver i en dom att mannen utomlands deltagit i organisationer d\u00e4r det finns synnerlig anledning att anta att han medverkat till brott mot m\u00e4nskligheten.<\/p>\n<p class=\"hyperion-css-1v9qo5x\"><strong>V\u00e5ldt\u00e4kt, mord, brott mot m\u00e4nskligheten \u2013 men i st\u00e4llet f\u00f6r utvisning allts\u00e5 tidsbegr\u00e4nsat uppeh\u00e5llstillst\u00e5nd. Fritt fram att forts\u00e4tta leva som vanligt i Sverige, med r\u00e4tt till v\u00e4lf\u00e4rdsf\u00f6rm\u00e5ner som till exempel bostadsbidrag.<\/strong><\/p>\n<p class=\"hyperion-css-1v9qo5x\">Det \u00e4r f\u00f6rst\u00e5s inte klokt. Men trots att b\u00e5de <a data-test-tag=\"internal-link\" href=\"https:\/\/www.aftonbladet.se\/tagg\/migrationsverket\" class=\"hyperion-css-15jkft9\" rel=\"nofollow noopener\" target=\"\" aria-label=\"Migrationsverket\" theme=\"opinion\">Migrationsverket<\/a> och S\u00e4kerhetspolisen framf\u00f6rde synpunkter p\u00e5 reglerna valde den r\u00f6dgr\u00f6na regeringen att inte agera. Vill Magdalena Andersson och Morgan Johansson f\u00f6rklara varf\u00f6r? Ans\u00e5gs tv\u00e5 hela mandatperioder vara f\u00f6r tajt om tid?<\/p>\n<p class=\"hyperion-css-1v9qo5x\"><strong>Nu s\u00e4tter vi stopp f\u00f6r galenskapen.<\/strong><\/p>\n<p class=\"hyperion-css-1v9qo5x\">Regel\u00e4ndringarna som regeringen f\u00f6resl\u00e5r inneb\u00e4r f\u00f6r det f\u00f6rsta att det blir ett slut p\u00e5 tidsbegr\u00e4nsade uppeh\u00e5llstillst\u00e5nd till utvisningsd\u00f6mda brottslingar. Om det finns hinder mot att utvisa s\u00e5dana personer ska utvisningen tillf\u00e4lligt skjutas upp \u2013 f\u00f6r att sedan omg\u00e5ende verkst\u00e4llas s\u00e5 snart det bara \u00e4r m\u00f6jligt.<\/p>\n<p class=\"hyperion-css-1v9qo5x\"><strong>F\u00f6r det andra ska brottslingarna i v\u00e4ntan p\u00e5 sin utvisning inte till\u00e5tas forts\u00e4tta sin tillvaro i landet som om inget hade h\u00e4nt. De ska inte ha r\u00e4tt att arbeta. De ska inte ha r\u00e4tt till ekonomiskt bist\u00e5nd enligt socialtj\u00e4nstlagen. Och de ska inte heller ha r\u00e4tt till bos\u00e4ttningsbaserade f\u00f6rm\u00e5ner. I klartext: en utvisningsd\u00f6md v\u00e5ldt\u00e4ktsman f\u00e5r klara sig utan bostadsbidrag. Om n\u00e5gon har inv\u00e4ndningar \u00e4r jag n\u00e4r som helst \u00f6ppen f\u00f6r debatt.<\/strong><\/p>\n<blockquote data-test-tag=\"blockquote\" class=\"blockquote-content_747c\"><p>pullquoteVi ska ha en migrationspolitik som \u00e4r r\u00e4ttvis<\/p><\/blockquote>\n<p class=\"hyperion-css-1v9qo5x\">Utvisningsd\u00f6mda brottslingar ska dessutom tilldelas en boendeplats p\u00e5 ett av Migrationsverkets boenden. De ska \u00e5l\u00e4ggas skyldighet att regelbundet anm\u00e4la sig hos Migrationsverket eller Polismyndigheten, och samtidigt f\u00f6rbjudas att l\u00e4mna ett best\u00e4mt vistelseomr\u00e5de, typiskt sett en kommun. F\u00f6r den som inte lyder v\u00e4ntar f\u00e4ngelse eller b\u00f6ter.<\/p>\n<p class=\"hyperion-css-1v9qo5x\"><strong>Det \u00e4r en g\u00e5ng f\u00f6r alla slutdaltat med brottslingar som har f\u00e5tt ett utvisningsbeslut. Regeringen st\u00e5r p\u00e5 brottsoffrens sida, och vi \u00e4r enade i v\u00e5r vision att Sverige ska ha en migrationspolitik som \u00e4r r\u00e4ttvis.<\/strong><\/p>\n<p class=\"hyperion-css-1v9qo5x\">Samtidigt \u00e4r splittringen i migrationsfr\u00e5gor p\u00e5 den r\u00f6dgr\u00f6na sidan n\u00e4stintill total. Socialdemokraterna p\u00e5st\u00e5r att de vill ha en \u201dstram\u201d migrationspolitik, medan deras tillt\u00e4nkta st\u00f6dpartier, Milj\u00f6partiet och V\u00e4nsterpartiet, ibland kan f\u00e5 det att l\u00e5ta som att invandringen till Sverige aldrig har varit n\u00e5got problem. Vad kan man v\u00e4nta sig av en s\u00e5dan konstellation?<\/p>\n<p class=\"hyperion-css-1v9qo5x\"><strong>Ingen vet s\u00e4kert, men vad Socialdemokraterna valde att<\/strong><strong> inte <\/strong><strong>g\u00f6ra senast de hade makten talar sitt tydliga spr\u00e5k. Reglerna kring utvisningsd\u00f6mda brottslingar \u00e4r ett av m\u00e5nga exempel p\u00e5 varf\u00f6r Sverige inte har r\u00e5d med \u00e4nnu ett migrationspolitiskt experiment.<\/strong><\/p>\n<p><img decoding=\"async\" class=\"image-asset hyperion-css-u06ts1\" data-test-tag=\"image-asset\" src=\"https:\/\/www.europesays.com\/se\/wp-content\/uploads\/2025\/12\/de9f2348-8035-4a2d-9763-a962274ff7de.png\"  alt=\"\"  loading=\"eager\" fetchpriority=\"high\" style=\"aspect-ratio:1401 \/ 38\"\/><\/p>\n<p class=\"hyperion-css-1v9qo5x\"><a data-test-tag=\"internal-link\" href=\"https:\/\/www.aftonbladet.se\/tagg\/johan-forssell\" class=\"hyperion-css-15jkft9\" rel=\"nofollow noopener\" target=\"\" theme=\"opinion\"><strong>Johan Forssell<\/strong><\/a> (M), migrationsminister<\/p>\n<p>expand-left<\/p>\n<p>helsk\u00e4rm<img decoding=\"async\" class=\"image-asset hyperion-css-u06ts1\" data-test-tag=\"image-asset\" src=\"https:\/\/www.europesays.com\/se\/wp-content\/uploads\/2025\/12\/46e2d647-7a8c-4f40-a8c5-fabd61dded87.jpeg\"  alt=\"Det \u00e4r en g\u00e5ng f\u00f6r alla slutdaltat med brottslingar som har f\u00e5tt ett utvisningsbeslut. Regeringen st\u00e5r p\u00e5 brottsoffrens sida, och vi \u00e4r enade i v\u00e5r vision att Sverige ska ha en migrationspolitik som \u00e4r r\u00e4ttvis, skriver migrationsministern i en debattartikel.\"  loading=\"eager\" fetchpriority=\"high\" style=\"aspect-ratio:1200 \/ 627\"\/>Det \u00e4r en g\u00e5ng f\u00f6r alla slutdaltat med brottslingar som har f\u00e5tt ett utvisningsbeslut. Regeringen st\u00e5r p\u00e5 brottsoffrens sida, och vi \u00e4r enade i v\u00e5r vision att Sverige ska ha en migrationspolitik som \u00e4r r\u00e4ttvis, skriver migrationsministern i en debattartikel. Foto: Kristian Pohl Ab\/RegeringskanslietFAKTAS\u00e5 skriver du en debattartikel<\/p>\n<p class=\"hyperion-css-jonaf8\"><strong>Vill du ocks\u00e5 debattera? S\u00e5 h\u00e4r g\u00f6r du om du vill skicka in debattartiklar och ins\u00e4ndare till Aftonbladet Debatt.<\/strong><\/p>\n<p class=\"hyperion-css-jonaf8\">arrow Debattartikel:<\/p>\n<p class=\"hyperion-css-jonaf8\">Skriv runt 3 500 tecken inklusive blanksteg och mejla texten till debatt@aftonbladet.se<\/p>\n<p class=\"hyperion-css-jonaf8\">Skicka med bild p\u00e5 dig sj\u00e4lv och kontaktuppgifter. Vi l\u00e4ser och svarar s\u00e5 fort vi kan, oftast inom 24 timmar.<\/p>\n<p class=\"hyperion-css-jonaf8\">arrow Replik:<\/p>\n<p class=\"hyperion-css-jonaf8\">Skriv max 2 000 tecken inklusive blanksteg och mejla texten till debatt@aftonbladet.se<\/p>\n<p>L\u00e4s mer<\/p>\n","protected":false},"excerpt":{"rendered":"Migrationsministern: Nu s\u00e4tter vi stopp f\u00f6r galenskapen Detta \u00e4r en debattartikel. Det \u00e4r skribenten som st\u00e5r f\u00f6r \u00e5sikterna&hellip;\n","protected":false},"author":2,"featured_media":120477,"comment_status":"","ping_status":"","sticky":false,"template":"","format":"standard","meta":{"footnotes":""},"categories":[12],"tags":[22,23,26,27,17,21,24,25,28,29,15,16,18,34,31,33,32,30,19,20],"class_list":{"0":"post-120476","1":"post","2":"type-post","3":"status-publish","4":"format-standard","5":"has-post-thumbnail","7":"category-sverige","8":"tag-breaking-news","9":"tag-breakingnews","10":"tag-featured-news","11":"tag-featurednews","12":"tag-headlines","13":"tag-huvudnyheter","14":"tag-latest-news","15":"tag-latestnews","16":"tag-main-news","17":"tag-mainnews","18":"tag-news","19":"tag-nyheter","20":"tag-rubriker","21":"tag-se","22":"tag-svenska","23":"tag-sverige","24":"tag-sweden","25":"tag-swedish","26":"tag-top-stories","27":"tag-topstories"},"share_on_mastodon":{"url":"https:\/\/pubeurope.com\/@se\/115807039218330483","error":""},"_links":{"self":[{"href":"https:\/\/www.europesays.com\/se\/wp-json\/wp\/v2\/posts\/120476","targetHints":{"allow":["GET"]}}],"collection":[{"href":"https:\/\/www.europesays.com\/se\/wp-json\/wp\/v2\/posts"}],"about":[{"href":"https:\/\/www.europesays.com\/se\/wp-json\/wp\/v2\/types\/post"}],"author":[{"embeddable":true,"href":"https:\/\/www.europesays.com\/se\/wp-json\/wp\/v2\/users\/2"}],"replies":[{"embeddable":true,"href":"https:\/\/www.europesays.com\/se\/wp-json\/wp\/v2\/comments?post=120476"}],"version-history":[{"count":0,"href":"https:\/\/www.europesays.com\/se\/wp-json\/wp\/v2\/posts\/120476\/revisions"}],"wp:featuredmedia":[{"embeddable":true,"href":"https:\/\/www.europesays.com\/se\/wp-json\/wp\/v2\/media\/120477"}],"wp:attachment":[{"href":"https:\/\/www.europesays.com\/se\/wp-json\/wp\/v2\/media?parent=120476"}],"wp:term":[{"taxonomy":"category","embeddable":true,"href":"https:\/\/www.europesays.com\/se\/wp-json\/wp\/v2\/categories?post=120476"},{"taxonomy":"post_tag","embeddable":true,"href":"https:\/\/www.europesays.com\/se\/wp-json\/wp\/v2\/tags?post=120476"}],"curies":[{"name":"wp","href":"https:\/\/api.w.org\/{rel}","templated":true}]}}