{"id":120478,"date":"2025-12-30T06:13:07","date_gmt":"2025-12-30T06:13:07","guid":{"rendered":"https:\/\/www.europesays.com\/se\/120478\/"},"modified":"2025-12-30T06:13:07","modified_gmt":"2025-12-30T06:13:07","slug":"flopp-for-skansk-satsning-pa-gratis-hpv-vaccin","status":"publish","type":"post","link":"https:\/\/www.europesays.com\/se\/120478\/","title":{"rendered":"Flopp f\u00f6r sk\u00e5nsk satsning p\u00e5 gratis HPV-vaccin"},"content":{"rendered":"<p>Bara 1\u202f500 personer har under \u00e5ret nappat p\u00e5 Region Sk\u00e5nes kampanj om gratis HPV-vaccin f\u00f6r unga upp till 26 \u00e5r, rapporterar SVT Nyheter Sk\u00e5ne. Det \u00e4r l\u00e5ngt ifr\u00e5n det uppsatta m\u00e5let om att 34\u202f000 m\u00e4n och 3\u202f000 kvinnor skulle ta vaccinet. <\/p>\n<p>\u2013 Satsningen \u00e4r en flopp, konstaterar M\u00e4tta Ivarsson, Milj\u00f6partiets gruppledare i Region Sk\u00e5ne.<\/p>\n<p>MP vill nu att regionen i\u202fst\u00e4llet b\u00f6rjar utf\u00f6ra vaccinationer ute p\u00e5 gymnasieskolor. <\/p>\n<p>Omni \u00e4r politiskt obundna och oberoende. Vi str\u00e4var efter att ge fler perspektiv p\u00e5 nyheterna. Har du fr\u00e5gor eller synpunkter kring v\u00e5r rapportering? <a href=\"https:\/\/omni.se\/flopp-for-skansk-satsning-pa-gratis-hpv-vaccin\/a\/mailto:redaktion@omni.se\" class=\"ArticleActions_contactLink__W2F1M\" rel=\"nofollow noopener\" target=\"_blank\">Kontakta redaktionen<\/a><\/p>\n","protected":false},"excerpt":{"rendered":"Bara 1\u202f500 personer har under \u00e5ret nappat p\u00e5 Region Sk\u00e5nes kampanj om gratis HPV-vaccin f\u00f6r unga upp till&hellip;\n","protected":false},"author":2,"featured_media":120479,"comment_status":"","ping_status":"","sticky":false,"template":"","format":"standard","meta":{"footnotes":""},"categories":[69],"tags":[223,113,112,1234,12819,34,389,31,33,32,30,330],"class_list":{"0":"post-120478","1":"post","2":"type-post","3":"status-publish","4":"format-standard","5":"has-post-thumbnail","7":"category-halsa","8":"tag-barn-unga","9":"tag-halsa","10":"tag-health","11":"tag-miljopartiet","12":"tag-region-skane","13":"tag-se","14":"tag-skane-lan","15":"tag-svenska","16":"tag-sverige","17":"tag-sweden","18":"tag-swedish","19":"tag-vard-omsorg"},"share_on_mastodon":{"url":"https:\/\/pubeurope.com\/@se\/115807047065372082","error":""},"_links":{"self":[{"href":"https:\/\/www.europesays.com\/se\/wp-json\/wp\/v2\/posts\/120478","targetHints":{"allow":["GET"]}}],"collection":[{"href":"https:\/\/www.europesays.com\/se\/wp-json\/wp\/v2\/posts"}],"about":[{"href":"https:\/\/www.europesays.com\/se\/wp-json\/wp\/v2\/types\/post"}],"author":[{"embeddable":true,"href":"https:\/\/www.europesays.com\/se\/wp-json\/wp\/v2\/users\/2"}],"replies":[{"embeddable":true,"href":"https:\/\/www.europesays.com\/se\/wp-json\/wp\/v2\/comments?post=120478"}],"version-history":[{"count":0,"href":"https:\/\/www.europesays.com\/se\/wp-json\/wp\/v2\/posts\/120478\/revisions"}],"wp:featuredmedia":[{"embeddable":true,"href":"https:\/\/www.europesays.com\/se\/wp-json\/wp\/v2\/media\/120479"}],"wp:attachment":[{"href":"https:\/\/www.europesays.com\/se\/wp-json\/wp\/v2\/media?parent=120478"}],"wp:term":[{"taxonomy":"category","embeddable":true,"href":"https:\/\/www.europesays.com\/se\/wp-json\/wp\/v2\/categories?post=120478"},{"taxonomy":"post_tag","embeddable":true,"href":"https:\/\/www.europesays.com\/se\/wp-json\/wp\/v2\/tags?post=120478"}],"curies":[{"name":"wp","href":"https:\/\/api.w.org\/{rel}","templated":true}]}}