{"id":120486,"date":"2025-12-30T06:22:29","date_gmt":"2025-12-30T06:22:29","guid":{"rendered":"https:\/\/www.europesays.com\/se\/120486\/"},"modified":"2025-12-30T06:22:29","modified_gmt":"2025-12-30T06:22:29","slug":"sverige-krossade-tyskland-i-jvm-med-8-1","status":"publish","type":"post","link":"https:\/\/www.europesays.com\/se\/120486\/","title":{"rendered":"Sverige krossade Tyskland i JVM med 8\u20131"},"content":{"rendered":"<p>Sverige tog \u00e4nnu en seger i JVM i hockey under m\u00e5ndagskv\u00e4llen n\u00e4r Tyskland besegrades med 8\u20131. Viggo Bj\u00f6rck blev tv\u00e5m\u00e5lsskytt och hyllades efter matchen.<\/p>\n<p>\u2013 Det \u00e4r sv\u00e5rt att hitta r\u00e4tt superlativ n\u00e4r det g\u00e4ller den h\u00e4r unga spelaren. Jag har n\u00e4stan slutat bli imponerad, s\u00e4ger SVT:s expertkommentator Jonas Andersson i s\u00e4ndningen enligt Sportbladet.<\/p>\n<p>\u00c4ven Anton Frondell gjorde tv\u00e5 m\u00e5l i matchen.<\/p>\n<p>Segern var Sveriges tredje raka i turneringen. N\u00e4sta motst\u00e5ndare \u00e4r USA p\u00e5 ny\u00e5rsafton.<\/p>\n<p>Omni \u00e4r politiskt obundna och oberoende. Vi str\u00e4var efter att ge fler perspektiv p\u00e5 nyheterna. Har du fr\u00e5gor eller synpunkter kring v\u00e5r rapportering? <a href=\"https:\/\/omni.se\/sverige-krossade-tyskland-i-jvm-med-81\/a\/mailto:redaktion@omni.se\" class=\"ArticleActions_contactLink__W2F1M\" rel=\"nofollow noopener\" target=\"_blank\">Kontakta redaktionen<\/a><\/p>\n","protected":false},"excerpt":{"rendered":"Sverige tog \u00e4nnu en seger i JVM i hockey under m\u00e5ndagskv\u00e4llen n\u00e4r Tyskland besegrades med 8\u20131. Viggo Bj\u00f6rck&hellip;\n","protected":false},"author":2,"featured_media":120487,"comment_status":"","ping_status":"","sticky":false,"template":"","format":"standard","meta":{"footnotes":""},"categories":[68],"tags":[12821,1472,12539,34,111,110,31,33,32,30,12820],"class_list":{"0":"post-120486","1":"post","2":"type-post","3":"status-publish","4":"format-standard","5":"has-post-thumbnail","7":"category-sport","8":"tag-anton-frondell","9":"tag-ishockey","10":"tag-juniorkronorna","11":"tag-se","12":"tag-sport","13":"tag-sports","14":"tag-svenska","15":"tag-sverige","16":"tag-sweden","17":"tag-swedish","18":"tag-viggo-bjorck"},"share_on_mastodon":{"url":"https:\/\/pubeurope.com\/@se\/115807082664709980","error":""},"_links":{"self":[{"href":"https:\/\/www.europesays.com\/se\/wp-json\/wp\/v2\/posts\/120486","targetHints":{"allow":["GET"]}}],"collection":[{"href":"https:\/\/www.europesays.com\/se\/wp-json\/wp\/v2\/posts"}],"about":[{"href":"https:\/\/www.europesays.com\/se\/wp-json\/wp\/v2\/types\/post"}],"author":[{"embeddable":true,"href":"https:\/\/www.europesays.com\/se\/wp-json\/wp\/v2\/users\/2"}],"replies":[{"embeddable":true,"href":"https:\/\/www.europesays.com\/se\/wp-json\/wp\/v2\/comments?post=120486"}],"version-history":[{"count":0,"href":"https:\/\/www.europesays.com\/se\/wp-json\/wp\/v2\/posts\/120486\/revisions"}],"wp:featuredmedia":[{"embeddable":true,"href":"https:\/\/www.europesays.com\/se\/wp-json\/wp\/v2\/media\/120487"}],"wp:attachment":[{"href":"https:\/\/www.europesays.com\/se\/wp-json\/wp\/v2\/media?parent=120486"}],"wp:term":[{"taxonomy":"category","embeddable":true,"href":"https:\/\/www.europesays.com\/se\/wp-json\/wp\/v2\/categories?post=120486"},{"taxonomy":"post_tag","embeddable":true,"href":"https:\/\/www.europesays.com\/se\/wp-json\/wp\/v2\/tags?post=120486"}],"curies":[{"name":"wp","href":"https:\/\/api.w.org\/{rel}","templated":true}]}}