{"id":120488,"date":"2025-12-30T06:23:39","date_gmt":"2025-12-30T06:23:39","guid":{"rendered":"https:\/\/www.europesays.com\/se\/120488\/"},"modified":"2025-12-30T06:23:39","modified_gmt":"2025-12-30T06:23:39","slug":"i-veckan-slapps-ny-harlan-coben-serie-pa-netflix-foljer-stort-mysterium","status":"publish","type":"post","link":"https:\/\/www.europesays.com\/se\/120488\/","title":{"rendered":"I veckan sl\u00e4pps ny Harlan Coben-serie p\u00e5 Netflix \u2013\u00a0f\u00f6ljer stort mysterium"},"content":{"rendered":"<p>&#13;<br \/>\n                 &#13;<br \/>\n                                                Streamingtj\u00e4nsten river ig\u00e5ng 2026 med het premi\u00e4r&#13;<br \/>\n    &#13;<\/p>\n<p class=\"content-article__preamble\">Det nya \u00e5ret kickstartar med en ny efterl\u00e4ngtad serie i f\u00f6rfattaren Harlan Cobens popul\u00e4ra universum. I Netflix \u201dInte ett ord\u201d v\u00e4ntar ett stort mysterium.<\/p>\n<p>&#13;<br \/>\n                                            &#13;<br \/>\n    &#13;<br \/>\n    &#13;<br \/>\n&#13;<br \/>\n    &#13;<br \/>\n    &#13;<\/p>\n<p>En pl\u00f6tsligt f\u00f6rsvunnen dotter och m\u00f6rdad pojkv\u00e4n riktar misstankarna mot pappan som f\u00e5r hela sin v\u00e4rld att rasera. I veckan f\u00e5r vi se den nya <strong>Harlan Coben<\/strong>-serien\u00a0Inte ett ord\u00a0sl\u00e5 ned p\u00e5 <a href=\"https:\/\/www.filmtopp.se\/streaming\/netflix\/\" rel=\"nofollow noopener\" target=\"_blank\"><strong>Netflix<\/strong><\/a> med f\u00f6rhoppningen om att bli n\u00e4sta stora tittarsucc\u00e9 p\u00e5 f\u00f6rfattarens verk.\u00a0<\/p>\n<p><strong>L\u00c4S OCKS\u00c5:\u00a0<\/strong><a href=\"https:\/\/www.filmtopp.se\/nyhet\/tv4play-brittiska-kriminaldramat-popularast-pa-tv4-play-klart-for-ny-sasong\" rel=\"nofollow noopener\" target=\"_blank\">Brittiska kriminalthrillern popul\u00e4rast p\u00e5 TV4 Play \u2013 klar f\u00f6r ny s\u00e4song<\/a><\/p>\n<p>M\u00f6rk och intensiv brottshistoria<\/p>\n<p><a href=\"https:\/\/www.filmtopp.se\/nyhet\/netflix-snart-kommer-thrillern-inte-ett-ord-ny-efterlangtad-harlan-coben-serie\" rel=\"nofollow noopener\" target=\"_blank\">Uppl\u00e4gget i Inte ett ord<\/a> \u00e4r b\u00e4ddat f\u00f6r att svepa med sig tittarna i en m\u00f6rk och intensiv ber\u00e4ttelse, d\u00e4r mardr\u00f6mmen hela tiden v\u00e4xer sig st\u00f6rre. Stj\u00e4rnsk\u00e5despelaren <strong>James Nesbitt<\/strong>, som varit med i flera <strong>Harlan Coben<\/strong>-serier, spelar den v\u00e4lb\u00e4rgade familjefadern Simon Greene. Han verkar ha precis allt en kan \u00f6nska sig i livet tillsammans med sin familj. Men bakom fasaden ska det visa sig finnas sprickor.<\/p>\n<p>En dag f\u00f6rsvinner Simons dotter Paige, och det verkar vara kopplat till ett v\u00e4xande drogproblem. Simon ger sig ut f\u00f6r att hitta henne och leds d\u00e5 in i hotfulla kriminella kretsar. N\u00e4r Paiges pojkv\u00e4n hittas m\u00f6rdad blir mardr\u00f6mmen st\u00f6rre och hemligheterna flera. Simon blir n\u00e4mligen misst\u00e4nkt f\u00f6r mordet, vilket drar ig\u00e5ng en sv\u00e5r utredning d\u00e4r polisen arbetar hektiskt f\u00f6r att komma fram till svar.<\/p>\n<p><strong>L\u00c4S OCKS\u00c5:<\/strong>\u00a0<a href=\"https:\/\/www.filmtopp.se\/lista\/veckans-storsta-premiarer-5-nya-filmer-och-serier-att-starta-nya-aret-med\" rel=\"nofollow noopener\" target=\"_blank\">Veckans st\u00f6rsta premi\u00e4rer \u2013 5 nya filmer och serier att starta nya \u00e5ret med<\/a><\/p>\n<p><img loading=\"lazy\" decoding=\"async\" src=\"https:\/\/www.europesays.com\/se\/wp-content\/uploads\/2025\/12\/Inte_ett_ord_2026_Harlan_Coben_Visningsbild_01.jpg\" alt=\"Snart kommer deckaren \u201dInte ett ord\u201d \u2013\u00a0ny efterl\u00e4ngtad Harlan Coben-serie\" width=\"900\" height=\"576\"\/>&#13;<br \/>\nFoto: Netflix.&#13;<\/p>\n<p>Premi\u00e4rdatumet f\u00f6r \u201dInte ett ord\u201d avsl\u00f6jar att Netflix tror p\u00e5 serien<\/p>\n<p>Inte ett ord (engelsk titel: <a href=\"https:\/\/www.imdb.com\/title\/tt9169516\/\" target=\"_blank\" rel=\"noopener nofollow\">Run Away<\/a>) \u00e4r precis som andra Harlan Coben-produktioner en miniserie, vars historia ber\u00e4ttas klart med en enda s\u00e4song. Den best\u00e5r av totalt \u00e5tta avsnitt som ska ge Netflix en flygande start p\u00e5 2026 med otaliga str\u00f6mmade timmar v\u00e4rlden \u00f6ver.<\/p>\n<p>Hela serien sl\u00e4pps torsdagen den 1 januari, och valet av premi\u00e4rdag \u2013 som \u00e4r en av \u00e5rets st\u00f6rsta streamingdagar \u2013 visar att Netflix tror starkt p\u00e5 den.\u00a0<\/p>\n<p><strong>Andra Harlan Coben-serier som g\u00e5r att streama p\u00e5 Netflix:<\/strong><\/p>\n<ul>&#13;<\/p>\n<li>Safe (2018)<\/li>\n<p>&#13;<\/p>\n<li>The Stranger (2020)<\/li>\n<p>&#13;<\/p>\n<li>Den enda l\u00f6gnen (2020)<\/li>\n<p>&#13;<\/p>\n<li>Den oskyldige (2021)<\/li>\n<p>&#13;<\/p>\n<li>Borta f\u00f6r alltid (2021)<\/li>\n<p>&#13;\n<\/ul>\n<p>Se v\u00e5r fullst\u00e4ndiga lista med serier fr\u00e5n Harlan Cobens bokv\u00e4rld p\u00e5 streamingtj\u00e4nsten <a href=\"https:\/\/www.filmtopp.se\/lista\/netflix-alla-harlan-coben-serier-pa-netflix-sanningen-den-oskyldige-safe-m-fl\" rel=\"nofollow noopener\" target=\"_blank\">h\u00e4r<\/a>.\u00a0<\/p>\n<p><strong>Hos oss p\u00e5 <a href=\"https:\/\/www.filmtopp.se\/\" rel=\"nofollow noopener\" target=\"_blank\">Filmtopp<\/a> h\u00e5ller du dig uppdaterad med stora nyheter och heta tips inom streaming. F\u00f6r att inte missa n\u00e5gon stor h\u00f6jdpunkt \u2013 <a href=\"https:\/\/www.facebook.com\/filmtopp\" target=\"_blank\" rel=\"noopener nofollow\">f\u00f6lj oss p\u00e5 Facebook<\/a>.<\/strong><\/p>\n","protected":false},"excerpt":{"rendered":"&#13; &#13; Streamingtj\u00e4nsten river ig\u00e5ng 2026 med het premi\u00e4r&#13; &#13; Det nya \u00e5ret kickstartar med en ny efterl\u00e4ngtad&hellip;\n","protected":false},"author":2,"featured_media":120489,"comment_status":"","ping_status":"","sticky":false,"template":"","format":"standard","meta":{"footnotes":""},"categories":[67],"tags":[104,34,31,33,32,30,105],"class_list":{"0":"post-120488","1":"post","2":"type-post","3":"status-publish","4":"format-standard","5":"has-post-thumbnail","7":"category-underhallning","8":"tag-entertainment","9":"tag-se","10":"tag-svenska","11":"tag-sverige","12":"tag-sweden","13":"tag-swedish","14":"tag-underhallning"},"share_on_mastodon":{"url":"https:\/\/pubeurope.com\/@se\/115807086370432291","error":""},"_links":{"self":[{"href":"https:\/\/www.europesays.com\/se\/wp-json\/wp\/v2\/posts\/120488","targetHints":{"allow":["GET"]}}],"collection":[{"href":"https:\/\/www.europesays.com\/se\/wp-json\/wp\/v2\/posts"}],"about":[{"href":"https:\/\/www.europesays.com\/se\/wp-json\/wp\/v2\/types\/post"}],"author":[{"embeddable":true,"href":"https:\/\/www.europesays.com\/se\/wp-json\/wp\/v2\/users\/2"}],"replies":[{"embeddable":true,"href":"https:\/\/www.europesays.com\/se\/wp-json\/wp\/v2\/comments?post=120488"}],"version-history":[{"count":0,"href":"https:\/\/www.europesays.com\/se\/wp-json\/wp\/v2\/posts\/120488\/revisions"}],"wp:featuredmedia":[{"embeddable":true,"href":"https:\/\/www.europesays.com\/se\/wp-json\/wp\/v2\/media\/120489"}],"wp:attachment":[{"href":"https:\/\/www.europesays.com\/se\/wp-json\/wp\/v2\/media?parent=120488"}],"wp:term":[{"taxonomy":"category","embeddable":true,"href":"https:\/\/www.europesays.com\/se\/wp-json\/wp\/v2\/categories?post=120488"},{"taxonomy":"post_tag","embeddable":true,"href":"https:\/\/www.europesays.com\/se\/wp-json\/wp\/v2\/tags?post=120488"}],"curies":[{"name":"wp","href":"https:\/\/api.w.org\/{rel}","templated":true}]}}