{"id":120492,"date":"2025-12-30T06:26:11","date_gmt":"2025-12-30T06:26:11","guid":{"rendered":"https:\/\/www.europesays.com\/se\/120492\/"},"modified":"2025-12-30T06:26:11","modified_gmt":"2025-12-30T06:26:11","slug":"ledare-renate-larssen-beklaglig-rysk-comeback-i-ridsporten","status":"publish","type":"post","link":"https:\/\/www.europesays.com\/se\/120492\/","title":{"rendered":"Ledare: Renate Larssen: Beklaglig rysk comeback i ridsporten"},"content":{"rendered":"<p class=\"mb-4 mx-auto max-w-xl\"><strong>Ryssland, b\u00e5de i sin sovjetiska och sin moderna tappning, har en l\u00e5ng historia av att anv\u00e4nda ickestatliga akt\u00f6rer f\u00f6r att infiltrera och f\u00f6rsvaga, skriver Renate Larssen.<\/strong><\/p>\n<p class=\"break-words mb-4 mx-auto max-w-xl\">I b\u00f6rjan av november fattade Internationella Ridsportf\u00f6rbundet tv\u00e5 beslut som f\u00f6rtj\u00e4nar mer uppm\u00e4rksamhet \u00e4n vad de f\u00e5tt. F\u00f6rst beslutade de att l\u00e5ta ryska och vitryska ryttare f\u00e5 t\u00e4vla p\u00e5 internationella t\u00e4vlingar igen, om \u00e4n under neutral flagg. D\u00e4refter valde de en sj\u00e4lvutn\u00e4mnd rysk \u201dsportdiplomat\u201d med kopplingar till Kreml som ordf\u00f6rande f\u00f6r dressyrkommitt\u00e9n, trots att en annan kandidat var favorittippad.<\/p>\n<p class=\"break-words mb-4 mx-auto max-w-xl\">Varje beslut \u00e4r \u00f6gonbrynsh\u00f6jande i sig, men tagna tillsammans, och betraktade i en historisk kontext, visar de hur Ryssland flyttar fram sina positioner utanf\u00f6r den politiska sf\u00e4ren.<\/p>\n<p class=\"break-words mb-4 mx-auto max-w-xl\"><strong>Ryssland \u00e4r experter<\/strong> p\u00e5 hybridkrigf\u00f6ring. Vi talar ofta och g\u00e4rna om hur de koordinerar desinformationskampanjer, genomf\u00f6r sabotageaktioner och utnyttjar proxykonflikter f\u00f6r att f\u00f6rsvaga sina fiender och skapa sig inflytande. Vi talar d\u00e4remot alldeles f\u00f6r s\u00e4llan om deras f\u00f6rm\u00e5ga att ut\u00f6va mjuk makt. Begreppet lanserades av den amerikanske statsvetaren Robert Nye f\u00f6r att f\u00f6rklara v\u00e4rdet av att ha goda relationer till de man vill \u00f6vertyga om sin sak. <\/p>\n<p class=\"break-words mb-4 mx-auto max-w-xl\">Mjuk makt g\u00e5r ut p\u00e5 att stater f\u00f6rs\u00f6ker bygga upp internationell trov\u00e4rdighet och g\u00f6ra sig omtyckta genom kulturella och ekonomiska kanaler. Denna trov\u00e4rdighet oms\u00e4tts sedan i internationellt inflytande. Det \u00e4r grundl\u00e4ggande psykologi: man normaliserar sin n\u00e4rvaro och d\u00e4rigenom sina \u00e5sikter, och skapar positiva associationer till b\u00e5da.<\/p>\n<p class=\"break-words mb-4 mx-auto max-w-xl\"><strong>I sig \u00e4r mjuk makt<\/strong> inte d\u00e5ligt. \u00c4ven Sverige \u00e4gnar sig \u00e5t hearts-and-minds-\u00e5tg\u00e4rder genom bland annat Svenska institutet. Skillnaden \u00e4r att Sverige \u00e4r ett demokratiskt land utan n\u00e5gra planer p\u00e5 att invadera sina grannl\u00e4nder i n\u00e4rtid, medan Ryssland utg\u00f6r ett direkt hot mot Europa. Ryssland, b\u00e5de i sin sovjetiska och sin moderna tappning, har en l\u00e5ng historia av att anv\u00e4nda ickestatliga akt\u00f6rer f\u00f6r att infiltrera och f\u00f6rsvaga v\u00e4sterl\u00e4ndska institutioner och bygga lojalitetsbaser i resten av v\u00e4rlden.<\/p>\n<p class=\"break-words mb-4 mx-auto max-w-xl\">Tillv\u00e4gag\u00e5ngss\u00e4ttet anpassas efter m\u00e5lgruppen, fr\u00e5n att plantera pro-ryska akademiker p\u00e5 v\u00e4sterl\u00e4ndska universitet till att l\u00e5ta rysk-ortodoxa kyrkan bedriva missionsverksamhet i Afrika som en t\u00e4ckmantel f\u00f6r att sprida statspropaganda. Och det l\u00f6nar sig. Ryssland befinner sig p\u00e5 plats 16 i Global Soft Power Index, strax efter Sverige p\u00e5 plats 11 och f\u00f6re b\u00e5de Norge och Danmark p\u00e5 plats 17 respektive 18. Ukraina befinner sig p\u00e5 plats 46.<\/p>\n<p class=\"break-words mb-4 mx-auto max-w-xl\"><strong>I ljuset av Rysslands<\/strong> l\u00e5nga och framg\u00e5ngsrika tradition av att anv\u00e4nda mjuk makt f\u00f6r att f\u00f6rsvaga och isolera v\u00e4stv\u00e4rlden \u00e4r Internationella Ridsportf\u00f6rbundets pro-ryska sv\u00e4ngning orov\u00e4ckande. Sporten \u00e4r en arena som l\u00e4nder ofta bedriver mjuk makt p\u00e5 \u2013 minns korruptionsanklagelserna mot FIFA och Qatar \u2013 och Ryssland har en s\u00e4rskild f\u00f6rm\u00e5ga att identifiera och utnyttja interna splittringar.<\/p>\n<p class=\"break-words mb-4 mx-auto max-w-xl\">De djurpl\u00e5geriskandaler som pl\u00e5gat ridsporten de senaste \u00e5ren, och som f\u00f6rsvagat FEI:s anseende i v\u00e4st, \u00e4r exakt den sortens milj\u00f6 som Ryssland g\u00e4rna n\u00e4stlar sig in i. Vi ska inte vara konspiratoriska, men vi ska inte heller vara naiva. Detta \u00e4r onekligen en utveckling vi beh\u00f6ver h\u00e5lla \u00f6gonen p\u00e5. (SNB)<\/p>\n<p class=\"break-words mb-4 mx-auto max-w-xl\"><strong>Renate Larssen<\/strong><\/p>\n<p class=\"break-words mb-4 mx-auto max-w-xl\">Etolog och antrozoolog<\/p>\n","protected":false},"excerpt":{"rendered":"Ryssland, b\u00e5de i sin sovjetiska och sin moderna tappning, har en l\u00e5ng historia av att anv\u00e4nda ickestatliga akt\u00f6rer&hellip;\n","protected":false},"author":2,"featured_media":120493,"comment_status":"","ping_status":"","sticky":false,"template":"","format":"standard","meta":{"footnotes":""},"categories":[14],"tags":[22,23,26,27,17,21,24,25,28,29,15,16,18,34,31,33,32,30,19,20,51,52,53,54],"class_list":{"0":"post-120492","1":"post","2":"type-post","3":"status-publish","4":"format-standard","5":"has-post-thumbnail","7":"category-varlden","8":"tag-breaking-news","9":"tag-breakingnews","10":"tag-featured-news","11":"tag-featurednews","12":"tag-headlines","13":"tag-huvudnyheter","14":"tag-latest-news","15":"tag-latestnews","16":"tag-main-news","17":"tag-mainnews","18":"tag-news","19":"tag-nyheter","20":"tag-rubriker","21":"tag-se","22":"tag-svenska","23":"tag-sverige","24":"tag-sweden","25":"tag-swedish","26":"tag-top-stories","27":"tag-topstories","28":"tag-varlden","29":"tag-world","30":"tag-world-news","31":"tag-worldnews"},"share_on_mastodon":{"url":"https:\/\/pubeurope.com\/@se\/115807098228574188","error":""},"_links":{"self":[{"href":"https:\/\/www.europesays.com\/se\/wp-json\/wp\/v2\/posts\/120492","targetHints":{"allow":["GET"]}}],"collection":[{"href":"https:\/\/www.europesays.com\/se\/wp-json\/wp\/v2\/posts"}],"about":[{"href":"https:\/\/www.europesays.com\/se\/wp-json\/wp\/v2\/types\/post"}],"author":[{"embeddable":true,"href":"https:\/\/www.europesays.com\/se\/wp-json\/wp\/v2\/users\/2"}],"replies":[{"embeddable":true,"href":"https:\/\/www.europesays.com\/se\/wp-json\/wp\/v2\/comments?post=120492"}],"version-history":[{"count":0,"href":"https:\/\/www.europesays.com\/se\/wp-json\/wp\/v2\/posts\/120492\/revisions"}],"wp:featuredmedia":[{"embeddable":true,"href":"https:\/\/www.europesays.com\/se\/wp-json\/wp\/v2\/media\/120493"}],"wp:attachment":[{"href":"https:\/\/www.europesays.com\/se\/wp-json\/wp\/v2\/media?parent=120492"}],"wp:term":[{"taxonomy":"category","embeddable":true,"href":"https:\/\/www.europesays.com\/se\/wp-json\/wp\/v2\/categories?post=120492"},{"taxonomy":"post_tag","embeddable":true,"href":"https:\/\/www.europesays.com\/se\/wp-json\/wp\/v2\/tags?post=120492"}],"curies":[{"name":"wp","href":"https:\/\/api.w.org\/{rel}","templated":true}]}}