{"id":120494,"date":"2025-12-30T06:27:07","date_gmt":"2025-12-30T06:27:07","guid":{"rendered":"https:\/\/www.europesays.com\/se\/120494\/"},"modified":"2025-12-30T06:27:07","modified_gmt":"2025-12-30T06:27:07","slug":"kritiserar-upphandling-av-terminal-upphandling24","status":"publish","type":"post","link":"https:\/\/www.europesays.com\/se\/120494\/","title":{"rendered":"Kritiserar upphandling av terminal &#8211; Upphandling24"},"content":{"rendered":"<p>        <img width=\"600\" height=\"300\" class=\"attachment-thumbnail-large size-thumbnail-large lazyload\" alt=\"\" decoding=\"async\" fetchpriority=\"high\" src=\"https:\/\/www.europesays.com\/se\/wp-content\/uploads\/2025\/12\/bussterminal-i-katarinaberget-kopia.jpg\"  data- data-eio-rwidth=\"600\" data-eio-rheight=\"300\"\/><br \/>\n            S\u00e5 h\u00e4r \u00e4r den nya bussterminalen t\u00e4nkt att se ut.<br \/>\n                Illustration: Stockholms stad<\/p>\n<p>Den stora ombyggnaden av Slussen i Stockholm omfattar bland annat en ny bussterminal i Katarinaberget.<\/p>\n<p>Konkurrensverket har granskat ett urval av de avtal och upphandlingar som r\u00f6r tv\u00e5 delentreprenader f\u00f6r terminalen.<\/p>\n<p>Enligt <a href=\"https:\/\/www.konkurrensverket.se\/globalassets\/dokument\/upphandling\/tillsynsbeslut\/24-0217_tillsynsbeslut_stockholms-kommun.pdf\" target=\"_blank\" rel=\"noreferrer noopener nofollow\">tillsynsbeslutet<\/a> har entreprenadstrategin inneburit ett stort risktagande med sn\u00e4vt satta tidplaner. Detta trots att projektet \u00e4r en av Stockholms mest komplexa entreprenader i modern tid.<\/p>\n<p>V\u00e4rdet av delentreprenaderna uppskattades vid projektets start till cirka 1,6 miljarder kronor. I mars 2023 uppgick prognosen till cirka 5,7 miljarder kronor.<\/p>\n<p>Ers\u00e4ttningsmodellen har \u00e4ndrats fr\u00e5n fast till r\u00f6rlig ers\u00e4ttning vilket medf\u00f6r h\u00f6g risk f\u00f6r otill\u00e5tna direktupphandlingar, enligt Konkurrensverket.<\/p>\n<p>Vidare har incitamentsers\u00e4ttning inf\u00f6rts under p\u00e5g\u00e5ende avtal. Att en s\u00e5dan \u00e4ndring sker i efterhand medf\u00f6r risk f\u00f6r v\u00e4sentliga \u00e4ndringar i strid med LOU, anser Konkurrensverket.<\/p>\n<p>Granskningen visar ocks\u00e5 att projektet, som drivs av Exploateringsn\u00e4mnden i Stockholms stad, har brister i dokumentationen.<\/p>\n<p>Tillsyns\u00e4rendet har avslutats.<\/p>\n","protected":false},"excerpt":{"rendered":"S\u00e5 h\u00e4r \u00e4r den nya bussterminalen t\u00e4nkt att se ut. Illustration: Stockholms stad Den stora ombyggnaden av Slussen&hellip;\n","protected":false},"author":2,"featured_media":120495,"comment_status":"","ping_status":"","sticky":false,"template":"","format":"standard","meta":{"footnotes":""},"categories":[12],"tags":[22,23,26,27,17,21,24,25,28,29,15,16,18,34,31,33,32,30,19,20],"class_list":{"0":"post-120494","1":"post","2":"type-post","3":"status-publish","4":"format-standard","5":"has-post-thumbnail","7":"category-sverige","8":"tag-breaking-news","9":"tag-breakingnews","10":"tag-featured-news","11":"tag-featurednews","12":"tag-headlines","13":"tag-huvudnyheter","14":"tag-latest-news","15":"tag-latestnews","16":"tag-main-news","17":"tag-mainnews","18":"tag-news","19":"tag-nyheter","20":"tag-rubriker","21":"tag-se","22":"tag-svenska","23":"tag-sverige","24":"tag-sweden","25":"tag-swedish","26":"tag-top-stories","27":"tag-topstories"},"share_on_mastodon":{"url":"https:\/\/pubeurope.com\/@se\/115807102102033156","error":""},"_links":{"self":[{"href":"https:\/\/www.europesays.com\/se\/wp-json\/wp\/v2\/posts\/120494","targetHints":{"allow":["GET"]}}],"collection":[{"href":"https:\/\/www.europesays.com\/se\/wp-json\/wp\/v2\/posts"}],"about":[{"href":"https:\/\/www.europesays.com\/se\/wp-json\/wp\/v2\/types\/post"}],"author":[{"embeddable":true,"href":"https:\/\/www.europesays.com\/se\/wp-json\/wp\/v2\/users\/2"}],"replies":[{"embeddable":true,"href":"https:\/\/www.europesays.com\/se\/wp-json\/wp\/v2\/comments?post=120494"}],"version-history":[{"count":0,"href":"https:\/\/www.europesays.com\/se\/wp-json\/wp\/v2\/posts\/120494\/revisions"}],"wp:featuredmedia":[{"embeddable":true,"href":"https:\/\/www.europesays.com\/se\/wp-json\/wp\/v2\/media\/120495"}],"wp:attachment":[{"href":"https:\/\/www.europesays.com\/se\/wp-json\/wp\/v2\/media?parent=120494"}],"wp:term":[{"taxonomy":"category","embeddable":true,"href":"https:\/\/www.europesays.com\/se\/wp-json\/wp\/v2\/categories?post=120494"},{"taxonomy":"post_tag","embeddable":true,"href":"https:\/\/www.europesays.com\/se\/wp-json\/wp\/v2\/tags?post=120494"}],"curies":[{"name":"wp","href":"https:\/\/api.w.org\/{rel}","templated":true}]}}