{"id":120502,"date":"2025-12-30T06:34:14","date_gmt":"2025-12-30T06:34:14","guid":{"rendered":"https:\/\/www.europesays.com\/se\/120502\/"},"modified":"2025-12-30T06:34:14","modified_gmt":"2025-12-30T06:34:14","slug":"trump-oppnar-for-att-sla-till-mot-iran-igen","status":"publish","type":"post","link":"https:\/\/www.europesays.com\/se\/120502\/","title":{"rendered":"Trump \u00f6ppnar f\u00f6r att sl\u00e5 till mot Iran igen"},"content":{"rendered":"<p class=\"font-sans text-base text-text-main dark:text-text-main-dark font-normal leading-[1.4]\">USA:s president Donald Trump \u00f6ppnar f\u00f6r nya milit\u00e4ra attacker mot Iran om landet f\u00f6rs\u00f6ker att bygga upp sitt lager av ballistiska missiler och \u00e5teretablera k\u00e4rnanrikningsprogrammet. Det uppgav han efter samtal med Israels premi\u00e4rminister Benjamin Netanyahu p\u00e5 Mar-a-Lago, rapporterar CNBC.\n <\/p>\n<p>\u201cNu h\u00f6r jag att Iran f\u00f6rs\u00f6ker bygga upp sig igen, och om de g\u00f6r det m\u00e5ste vi sl\u00e5 ner dem. Vi kommer att sl\u00e5 ner dem. Vi kommer att sl\u00e5 skiten ur dem. Men f\u00f6rhoppningsvis kommer det inte att h\u00e4nda\u201d, sade Trump, st\u00e5ende bredvid Netanyahu.\n <\/p>\n<p>Trump fortsatte med att s\u00e4ga att det b\u00e4sta f\u00f6r Iran vore att ing\u00e5 en uppg\u00f6relse.\n <\/p>\n<p>\u201cOm de vill ing\u00e5 ett avtal \u00e4r det mycket smartare\u201d, sade han.\n <\/p>\n<p>De tv\u00e5 ska ocks\u00e5 ha diskuterat Gaza d\u00e4r fas 2 av fredsplanen, som inkluderar att Hamas l\u00e4gger ner sina vapen och Israel g\u00f6r en retr\u00e4tt, har visat sig vara mer utmanande.<br \/>\n <br class=\"col-start-2\"\/><\/p>\n<p class=\"font-sans text-base text-text-main dark:text-text-main-dark font-normal leading-[1.4]\">Reno Santic<br \/>\n <br class=\"col-start-2\"\/><br \/>\n Nyhetsbyr\u00e5n Finwire<br \/>\n <br class=\"col-start-2\"\/><br \/>\n <a class=\"twitter-timeline\" data-width=\"1200\" data-height=\"1000\" data-dnt=\"true\" href=\"https:\/\/twitter.com\/Finwire?ref_src=twsrc%5Etfw\" rel=\"nofollow noopener\" target=\"_blank\">Tweets by Finwire<\/a><script async src=\"https:\/\/platform.twitter.com\/widgets.js\" charset=\"utf-8\"><\/script><br \/>\n <br class=\"col-start-2\"\/><br \/>\n newsroom@finwire.se<\/p>\n<p class=\"font-sans text-base text-text-main dark:text-text-main-dark font-normal leading-[1.4]\"><a class=\"text-primary-90 underline hover:text-primary-110 hover:no-underline\" rel=\"noopener noreferrer nofollow\" target=\"_blank\" href=\"https:\/\/www.cnbc.com\/2025\/12\/29\/trump-iran.html\">L\u00e4s mer p\u00e5 Finwire<\/a><\/p>\n<p><script async src=\"https:\/\/platform.twitter.com\/widgets.js\" charset=\"utf-8\"><\/script><\/p>\n","protected":false},"excerpt":{"rendered":"USA:s president Donald Trump \u00f6ppnar f\u00f6r nya milit\u00e4ra attacker mot Iran om landet f\u00f6rs\u00f6ker att bygga upp sitt&hellip;\n","protected":false},"author":2,"featured_media":119816,"comment_status":"","ping_status":"","sticky":false,"template":"","format":"standard","meta":{"footnotes":""},"categories":[14],"tags":[22,23,26,27,17,21,24,25,28,29,15,16,18,34,31,33,32,30,19,20,51,52,53,54],"class_list":{"0":"post-120502","1":"post","2":"type-post","3":"status-publish","4":"format-standard","5":"has-post-thumbnail","7":"category-varlden","8":"tag-breaking-news","9":"tag-breakingnews","10":"tag-featured-news","11":"tag-featurednews","12":"tag-headlines","13":"tag-huvudnyheter","14":"tag-latest-news","15":"tag-latestnews","16":"tag-main-news","17":"tag-mainnews","18":"tag-news","19":"tag-nyheter","20":"tag-rubriker","21":"tag-se","22":"tag-svenska","23":"tag-sverige","24":"tag-sweden","25":"tag-swedish","26":"tag-top-stories","27":"tag-topstories","28":"tag-varlden","29":"tag-world","30":"tag-world-news","31":"tag-worldnews"},"share_on_mastodon":{"url":"https:\/\/pubeurope.com\/@se\/115807129812840912","error":""},"_links":{"self":[{"href":"https:\/\/www.europesays.com\/se\/wp-json\/wp\/v2\/posts\/120502","targetHints":{"allow":["GET"]}}],"collection":[{"href":"https:\/\/www.europesays.com\/se\/wp-json\/wp\/v2\/posts"}],"about":[{"href":"https:\/\/www.europesays.com\/se\/wp-json\/wp\/v2\/types\/post"}],"author":[{"embeddable":true,"href":"https:\/\/www.europesays.com\/se\/wp-json\/wp\/v2\/users\/2"}],"replies":[{"embeddable":true,"href":"https:\/\/www.europesays.com\/se\/wp-json\/wp\/v2\/comments?post=120502"}],"version-history":[{"count":0,"href":"https:\/\/www.europesays.com\/se\/wp-json\/wp\/v2\/posts\/120502\/revisions"}],"wp:featuredmedia":[{"embeddable":true,"href":"https:\/\/www.europesays.com\/se\/wp-json\/wp\/v2\/media\/119816"}],"wp:attachment":[{"href":"https:\/\/www.europesays.com\/se\/wp-json\/wp\/v2\/media?parent=120502"}],"wp:term":[{"taxonomy":"category","embeddable":true,"href":"https:\/\/www.europesays.com\/se\/wp-json\/wp\/v2\/categories?post=120502"},{"taxonomy":"post_tag","embeddable":true,"href":"https:\/\/www.europesays.com\/se\/wp-json\/wp\/v2\/tags?post=120502"}],"curies":[{"name":"wp","href":"https:\/\/api.w.org\/{rel}","templated":true}]}}