{"id":120505,"date":"2025-12-30T06:36:25","date_gmt":"2025-12-30T06:36:25","guid":{"rendered":"https:\/\/www.europesays.com\/se\/120505\/"},"modified":"2025-12-30T06:36:25","modified_gmt":"2025-12-30T06:36:25","slug":"stark-julhandel-handelsforetagen-fick-den-julklapp-de-onskat-sig","status":"publish","type":"post","link":"https:\/\/www.europesays.com\/se\/120505\/","title":{"rendered":"Stark julhandel \u2013 \u201dhandelsf\u00f6retagen fick den julklapp de \u00f6nskat sig\u201d"},"content":{"rendered":"<p>                            <img decoding=\"async\" src=\"https:\/\/www.europesays.com\/se\/wp-content\/uploads\/2025\/12\/16ed55a8-ab3b-45e8-98ba-fb00cabf3acf-w_643_h_430_crop.jpg\" alt=\"Totalt noterades detaljhandeln f\u00f6r en f\u00f6rs\u00e4ljnings\u00f6kning p\u00e5 5,3 procent j\u00e4mf\u00f6rt med julhandeln 2024.\" class=\"w-full aspect-3\/2 object-cover mt-24 desk:mt-64 mb-24 desk:mb-64\"\/><\/p>\n<p>I uppf\u00f6ljningen, som omfattar tidsperioden 1 december till 24 december, indikeras att f\u00f6rs\u00e4ljningen inom dagligvaruhandeln \u00f6kade med 6,0 procent j\u00e4mf\u00f6rt med samma tidsperiod f\u00f6reg\u00e5ende \u00e5r. \u00c4ven s\u00e4llank\u00f6psvaruhandelns f\u00f6rs\u00e4ljning \u00f6kade, med 4,6 procent. Totalt noterades detaljhandeln f\u00f6r en f\u00f6rs\u00e4ljnings\u00f6kning p\u00e5 5,3 procent j\u00e4mf\u00f6rt med julhandeln 2024.<\/p>\n<p>\u2013 Handelsf\u00f6retagen fick verkligen den julklapp som de hade \u00f6nskat sig. Julhandeln \u00e4r f\u00f6r m\u00e5nga f\u00f6retag den absolut viktigaste tiden p\u00e5 \u00e5ret, och de starka siffror vi nu kan presentera ger en positiv indikation om att 2026 kan bli \u00e5ret d\u00e5 Handelslandet Sverige \u00e5terh\u00e4mtar sig p\u00e5 riktigt, s\u00e4ger Maria Mikkonen, chefsekonom p\u00e5 Svensk Handel och forts\u00e4tter:<\/p>\n<p>\u2013 Det h\u00e4r ligger i linje med den prognos vi publicerade innan jul, som indikerar att julhandeln \u00f6kar och i \u00e5r landar p\u00e5 24,5 miljarder kronor. Det \u00e4r enbart rekord\u00e5ret 2021 som haft en h\u00f6gre prognos, vilket talar f\u00f6r att handelns \u00e5terh\u00e4mtning nu \u00e4ntligen \u00e4r p\u00e5 g\u00e5ng.<\/p>\n<p>Svenskarna handlade in i det sista<\/p>\n<p>Aktiviteten f\u00f6rblev ocks\u00e5 h\u00f6g i butikerna hela v\u00e4gen fram till julafton. Detta visar unders\u00f6kningen, som \u00e4ven m\u00e4tte f\u00f6rs\u00e4ljningsutvecklingen under den sista veckan av julhandeln. Dagligvaruhandelns f\u00f6rs\u00e4ljning \u00f6kade med 3,3 procent j\u00e4mf\u00f6rt med f\u00f6reg\u00e5ende \u00e5r, medan s\u00e4llank\u00f6psvaruhandeln \u00f6kade med 3,8 procent. Totalt \u00f6kade detaljhandeln med 3,6 procent.<\/p>\n<p>\u2013 V\u00e5r f\u00f6rhoppning \u00e4r att dessa starka siffror \u00e4r ett gott tecken f\u00f6r den nu p\u00e5g\u00e5ende mellandagsrean, d\u00e4r vi redan nu kan konstatera att m\u00e5nga medlemmar rapporterar om ett h\u00f6gt tryck i butikerna. \u00c4ven om reaperioderna blivit fler och l\u00e4ngre, s\u00e5 \u00e4r det tydligt att svenskarna fortsatt uppskattar att handla under dagarna mellan jul och ny\u00e5r, s\u00e4ger Maria Mikkonen.<\/p>\n<p>Om unders\u00f6kningen<\/p>\n<p>Siffrorna \u00f6ver utvecklingen f\u00f6r julhandeln\u00a0har tagits fram med hj\u00e4lp av kortk\u00f6psdata, som levererats av Again Technology. Ett slumpm\u00e4ssigt och nationellt representativt urval om 4 000 individer i \u00e5ldern 18\u201369 \u00e5r har genomf\u00f6rts, stratifierat utifr\u00e5n \u00e5lder, k\u00f6n och geografi (NUTS2). F\u00f6r dessa individer har konsumtionen i dagligvaruhandeln (inklusive Systembolaget) samt s\u00e4llank\u00f6pshandeln sammanst\u00e4llts f\u00f6r perioden 1 &#8211; 24 december 2024 och 2025. Dataunderlaget \u00e4r longitudinellt, vilket inneb\u00e4r att samma personer f\u00f6ljs \u00f6ver b\u00e5da tidsperioderna. Den procentuella f\u00f6rs\u00e4ljningsutvecklingen redovisas i l\u00f6pande priser.<\/p>\n","protected":false},"excerpt":{"rendered":"I uppf\u00f6ljningen, som omfattar tidsperioden 1 december till 24 december, indikeras att f\u00f6rs\u00e4ljningen inom dagligvaruhandeln \u00f6kade med 6,0&hellip;\n","protected":false},"author":2,"featured_media":120506,"comment_status":"","ping_status":"","sticky":false,"template":"","format":"standard","meta":{"footnotes":""},"categories":[5],"tags":[22,23,26,27,17,21,24,25,28,29,15,16,18,34,31,33,32,30,19,20],"class_list":{"0":"post-120505","1":"post","2":"type-post","3":"status-publish","4":"format-standard","5":"has-post-thumbnail","7":"category-rubriker","8":"tag-breaking-news","9":"tag-breakingnews","10":"tag-featured-news","11":"tag-featurednews","12":"tag-headlines","13":"tag-huvudnyheter","14":"tag-latest-news","15":"tag-latestnews","16":"tag-main-news","17":"tag-mainnews","18":"tag-news","19":"tag-nyheter","20":"tag-rubriker","21":"tag-se","22":"tag-svenska","23":"tag-sverige","24":"tag-sweden","25":"tag-swedish","26":"tag-top-stories","27":"tag-topstories"},"share_on_mastodon":{"url":"https:\/\/pubeurope.com\/@se\/115807137480167371","error":""},"_links":{"self":[{"href":"https:\/\/www.europesays.com\/se\/wp-json\/wp\/v2\/posts\/120505","targetHints":{"allow":["GET"]}}],"collection":[{"href":"https:\/\/www.europesays.com\/se\/wp-json\/wp\/v2\/posts"}],"about":[{"href":"https:\/\/www.europesays.com\/se\/wp-json\/wp\/v2\/types\/post"}],"author":[{"embeddable":true,"href":"https:\/\/www.europesays.com\/se\/wp-json\/wp\/v2\/users\/2"}],"replies":[{"embeddable":true,"href":"https:\/\/www.europesays.com\/se\/wp-json\/wp\/v2\/comments?post=120505"}],"version-history":[{"count":0,"href":"https:\/\/www.europesays.com\/se\/wp-json\/wp\/v2\/posts\/120505\/revisions"}],"wp:featuredmedia":[{"embeddable":true,"href":"https:\/\/www.europesays.com\/se\/wp-json\/wp\/v2\/media\/120506"}],"wp:attachment":[{"href":"https:\/\/www.europesays.com\/se\/wp-json\/wp\/v2\/media?parent=120505"}],"wp:term":[{"taxonomy":"category","embeddable":true,"href":"https:\/\/www.europesays.com\/se\/wp-json\/wp\/v2\/categories?post=120505"},{"taxonomy":"post_tag","embeddable":true,"href":"https:\/\/www.europesays.com\/se\/wp-json\/wp\/v2\/tags?post=120505"}],"curies":[{"name":"wp","href":"https:\/\/api.w.org\/{rel}","templated":true}]}}