{"id":12051,"date":"2025-08-23T19:50:07","date_gmt":"2025-08-23T19:50:07","guid":{"rendered":"https:\/\/www.europesays.com\/se\/12051\/"},"modified":"2025-08-23T19:50:07","modified_gmt":"2025-08-23T19:50:07","slug":"kristersson-ryter-ifran-mot-ungern-om-kriget-i-ukraina","status":"publish","type":"post","link":"https:\/\/www.europesays.com\/se\/12051\/","title":{"rendered":"Kristersson ryter ifr\u00e5n mot Ungern om kriget i Ukraina"},"content":{"rendered":"<p>Ungerns premi\u00e4rminister Viktor Orb\u00e1n rasar mot Ukrainas attacker p\u00e5 rysk olja.\u00a0<\/p>\n<p>Det f\u00e5r statsminister Ulf Kristersson reagera starkt.<\/p>\n<p>\u2013 Ungern st\u00e5r p\u00e5 fel sida av historien, s\u00e4ger han.<\/p>\n<p>Senaste klippen om kriget i Ukraina.<img   alt=\"\"\/><\/p>\n<p>\u201dUngern st\u00e4ller sig p\u00e5 Rysslands sida\u201d, s\u00e4ger Ulf Kristersson.<\/p>\n<p>Foto: SVEN LINDWALL<\/p>\n<p>\u00d6ppna bild i helsk\u00e4rm<img loading=\"lazy\"   alt=\"\"\/><\/p>\n<p>Premi\u00e4rminister Viktor \u00d3rban kritiseras h\u00e5rt av Kristersson.<\/p>\n<p>Foto: NICOLAS MAETERLINCK \/ STELLA PICTURES\/ZUMA PRESS<\/p>\n<p>\u00d6ppna bild i helsk\u00e4rm<\/p>\n<p>Trots en bred europeisk bojkott av Rysslands olja fors\u00e4tter Ungern och Slovakien att regelbundet handla olja d\u00e4rifr\u00e5n.<\/p>\n<p>N\u00e4r Ukraina under natten mot fredagen attackerade en oljeledning fr\u00e5n Ryssland till Europa gick Ungerns premi\u00e4rminister <a href=\"https:\/\/www.expressen.se\/nyheter\/varlden\/ungern-rasar-mot-ukraina-efter-attack-mot-oljeledning\/\" rel=\"nofollow noopener\" target=\"_blank\">Viktor \u00d3rban ut med en h\u00e5rd k\u00e4nga mot Ukraina<\/a>.<\/p>\n<p>\u00a0\u201dUngern st\u00f6der Ukraina med elektricitet och bensin, i geng\u00e4ld bombar de r\u00f6rledningen som f\u00f6rser oss med elektricitet. Mycket ov\u00e4nligt drag\u201d, skrev Orb\u00e1n i ett Facebook-inl\u00e4gg.<\/p>\n<p>Kristersson: Ungern st\u00e5r p\u00e5 Rysslands sida<\/p>\n<p>\u00d3rbans uttalande f\u00e5r statsminister <a href=\"https:\/\/www.expressen.se\/tagg\/person\/ulf-kristersson\/\" class=\"\" rel=\"nofollow noopener\" target=\"_blank\">Ulf Kristersson<\/a> att reagera kraftigt.<\/p>\n<p>\u2013 N\u00e4r Ukraina nu framg\u00e5ngsrikt attackerar ryska oljeledningar, s\u00e5 svarar Ungerns utrikesminister att \u201dUkraina vill dra in oss i kriget\u201d, s\u00e4ger Ulf Kristersson i en kommentar till Expressen.<\/p>\n<p>Han vill passa p\u00e5 att p\u00e5minna \u00d3rban om hur Europa genom historien st\u00f6ttat landet.\u00a0<\/p>\n<p>\u2013 1956 stod vi p\u00e5 Ungerns sida n\u00e4r de f\u00f6rs\u00f6kte g\u00f6ra sig fria fr\u00e5n det ryska och sovjetiska f\u00f6rtrycket. Och 2004 stod vi p\u00e5 Ungerns sida n\u00e4r de ville g\u00e5 med i EU, s\u00e4ger Kristersson och till\u00e4gger:<\/p>\n<p>\u2013\u00a0Ungerns tack f\u00f6r detta \u00e4r att nu st\u00e4lla sig p\u00e5 Rysslands sida n\u00e4r en europeisk demokrati k\u00e4mpar f\u00f6r livet. Ungern st\u00e5r p\u00e5 fel sida av historien.<\/p>\n<p><strong>L\u00c4S MER: <\/strong><a href=\"https:\/\/www.expressen.se\/nyheter\/varlden\/ungern-rasar-mot-ukraina-efter-attack-mot-oljeledning\/\" class=\"\" rel=\"nofollow noopener\" target=\"_blank\">Ungern rasar mot Ukraina efter attack mot oljeledning<\/a><strong>L\u00c4S MER: <\/strong><a href=\"https:\/\/www.expressen.se\/nyheter\/varlden\/eu-topparna-satte-press-da-ringde-trump-till-orban-\/\" class=\"\" rel=\"nofollow noopener\" target=\"_blank\">EU-topparna satte press \u2013 d\u00e5 ringde Trump till Orb\u00e1n<\/a>Ungerns energiminister: Angrepp p\u00e5 v\u00e5rt lands energis\u00e4kerhet.<\/p>\n","protected":false},"excerpt":{"rendered":"Ungerns premi\u00e4rminister Viktor Orb\u00e1n rasar mot Ukrainas attacker p\u00e5 rysk olja.\u00a0 Det f\u00e5r statsminister Ulf Kristersson reagera starkt.&hellip;\n","protected":false},"author":2,"featured_media":12052,"comment_status":"","ping_status":"","sticky":false,"template":"","format":"standard","meta":{"footnotes":""},"categories":[14],"tags":[22,23,26,27,17,21,24,25,28,29,15,276,16,530,1339,18,34,583,31,33,32,30,19,781,20,51,52,53,54],"class_list":{"0":"post-12051","1":"post","2":"type-post","3":"status-publish","4":"format-standard","5":"has-post-thumbnail","7":"category-varlden","8":"tag-breaking-news","9":"tag-breakingnews","10":"tag-featured-news","11":"tag-featurednews","12":"tag-headlines","13":"tag-huvudnyheter","14":"tag-latest-news","15":"tag-latestnews","16":"tag-main-news","17":"tag-mainnews","18":"tag-news","19":"tag-newsstory-kriget-i-ukraina","20":"tag-nyheter","21":"tag-person-ulf-kristersson","22":"tag-person-viktor-orban","23":"tag-rubriker","24":"tag-se","25":"tag-sections-politik","26":"tag-svenska","27":"tag-sverige","28":"tag-sweden","29":"tag-swedish","30":"tag-top-stories","31":"tag-topic-utrikespolitik","32":"tag-topstories","33":"tag-varlden","34":"tag-world","35":"tag-world-news","36":"tag-worldnews"},"share_on_mastodon":{"url":"","error":""},"_links":{"self":[{"href":"https:\/\/www.europesays.com\/se\/wp-json\/wp\/v2\/posts\/12051","targetHints":{"allow":["GET"]}}],"collection":[{"href":"https:\/\/www.europesays.com\/se\/wp-json\/wp\/v2\/posts"}],"about":[{"href":"https:\/\/www.europesays.com\/se\/wp-json\/wp\/v2\/types\/post"}],"author":[{"embeddable":true,"href":"https:\/\/www.europesays.com\/se\/wp-json\/wp\/v2\/users\/2"}],"replies":[{"embeddable":true,"href":"https:\/\/www.europesays.com\/se\/wp-json\/wp\/v2\/comments?post=12051"}],"version-history":[{"count":0,"href":"https:\/\/www.europesays.com\/se\/wp-json\/wp\/v2\/posts\/12051\/revisions"}],"wp:featuredmedia":[{"embeddable":true,"href":"https:\/\/www.europesays.com\/se\/wp-json\/wp\/v2\/media\/12052"}],"wp:attachment":[{"href":"https:\/\/www.europesays.com\/se\/wp-json\/wp\/v2\/media?parent=12051"}],"wp:term":[{"taxonomy":"category","embeddable":true,"href":"https:\/\/www.europesays.com\/se\/wp-json\/wp\/v2\/categories?post=12051"},{"taxonomy":"post_tag","embeddable":true,"href":"https:\/\/www.europesays.com\/se\/wp-json\/wp\/v2\/tags?post=12051"}],"curies":[{"name":"wp","href":"https:\/\/api.w.org\/{rel}","templated":true}]}}