{"id":120510,"date":"2025-12-30T06:43:07","date_gmt":"2025-12-30T06:43:07","guid":{"rendered":"https:\/\/www.europesays.com\/se\/120510\/"},"modified":"2025-12-30T06:43:07","modified_gmt":"2025-12-30T06:43:07","slug":"artister-nobbar-kennedy-center-efter-namnbytet","status":"publish","type":"post","link":"https:\/\/www.europesays.com\/se\/120510\/","title":{"rendered":"Artister nobbar Kennedy Center efter namnbytet"},"content":{"rendered":"<p>Flera artister och ensembler har valt att hoppa av arrangemang p\u00e5 Kennedy Center sedan Donald Trump tidigare i \u00e5r d\u00f6pte om konserhuset efter sig sj\u00e4lv, rapporterar amerikanska medier.<\/p>\n<p>Senast att l\u00e4mna \u00e5terbud \u00e4r jazzgruppen the Cookers som skulle ha upptr\u00e4tt under en ny\u00e5rsgala.<\/p>\n<p>Kulturcentret, som numera leds av den av Donald Trump handplockade Richard Grenell, har tidigare hotat att st\u00e4mma jazzstj\u00e4rnan Chuck Redd som hoppade av en konsert p\u00e5 julafton, rapporterar ABC News. <\/p>\n<p>Donald Trump tog \u00f6ver kontrollen \u00f6ver centret under b\u00f6rjan av \u00e5ret genom att byta ut dess ledning och f\u00f6r n\u00e5gra veckor sedan lades hans namn till f\u00f6re John F Kennedys p\u00e5 byggnadens fasad.<\/p>\n<p>Omni \u00e4r politiskt obundna och oberoende. Vi str\u00e4var efter att ge fler perspektiv p\u00e5 nyheterna. Har du fr\u00e5gor eller synpunkter kring v\u00e5r rapportering? <a href=\"https:\/\/omni.se\/artister-nobbar-kennedy-center-efter-namnbytet\/a\/mailto:redaktion@omni.se\" class=\"ArticleActions_contactLink__W2F1M\" rel=\"nofollow noopener\" target=\"_blank\">Kontakta redaktionen<\/a><\/p>\n","protected":false},"excerpt":{"rendered":"Flera artister och ensembler har valt att hoppa av arrangemang p\u00e5 Kennedy Center sedan Donald Trump tidigare i&hellip;\n","protected":false},"author":2,"featured_media":120511,"comment_status":"","ping_status":"","sticky":false,"template":"","format":"standard","meta":{"footnotes":""},"categories":[14],"tags":[387,22,23,385,26,27,17,21,12228,12227,24,25,28,29,172,15,268,16,18,34,31,33,32,30,19,20,386,74,51,52,53,54],"class_list":{"0":"post-120510","1":"post","2":"type-post","3":"status-publish","4":"format-standard","5":"has-post-thumbnail","7":"category-varlden","8":"tag-amerikansk-politik","9":"tag-breaking-news","10":"tag-breakingnews","11":"tag-donald-trump","12":"tag-featured-news","13":"tag-featurednews","14":"tag-headlines","15":"tag-huvudnyheter","16":"tag-john-f-kennedy","17":"tag-kennedy-center","18":"tag-latest-news","19":"tag-latestnews","20":"tag-main-news","21":"tag-mainnews","22":"tag-musik","23":"tag-news","24":"tag-nordamerika","25":"tag-nyheter","26":"tag-rubriker","27":"tag-se","28":"tag-svenska","29":"tag-sverige","30":"tag-sweden","31":"tag-swedish","32":"tag-top-stories","33":"tag-topstories","34":"tag-trumps-usa","35":"tag-usa","36":"tag-varlden","37":"tag-world","38":"tag-world-news","39":"tag-worldnews"},"share_on_mastodon":{"url":"https:\/\/pubeurope.com\/@se\/115807164968771609","error":""},"_links":{"self":[{"href":"https:\/\/www.europesays.com\/se\/wp-json\/wp\/v2\/posts\/120510","targetHints":{"allow":["GET"]}}],"collection":[{"href":"https:\/\/www.europesays.com\/se\/wp-json\/wp\/v2\/posts"}],"about":[{"href":"https:\/\/www.europesays.com\/se\/wp-json\/wp\/v2\/types\/post"}],"author":[{"embeddable":true,"href":"https:\/\/www.europesays.com\/se\/wp-json\/wp\/v2\/users\/2"}],"replies":[{"embeddable":true,"href":"https:\/\/www.europesays.com\/se\/wp-json\/wp\/v2\/comments?post=120510"}],"version-history":[{"count":0,"href":"https:\/\/www.europesays.com\/se\/wp-json\/wp\/v2\/posts\/120510\/revisions"}],"wp:featuredmedia":[{"embeddable":true,"href":"https:\/\/www.europesays.com\/se\/wp-json\/wp\/v2\/media\/120511"}],"wp:attachment":[{"href":"https:\/\/www.europesays.com\/se\/wp-json\/wp\/v2\/media?parent=120510"}],"wp:term":[{"taxonomy":"category","embeddable":true,"href":"https:\/\/www.europesays.com\/se\/wp-json\/wp\/v2\/categories?post=120510"},{"taxonomy":"post_tag","embeddable":true,"href":"https:\/\/www.europesays.com\/se\/wp-json\/wp\/v2\/tags?post=120510"}],"curies":[{"name":"wp","href":"https:\/\/api.w.org\/{rel}","templated":true}]}}