{"id":120512,"date":"2025-12-30T06:45:15","date_gmt":"2025-12-30T06:45:15","guid":{"rendered":"https:\/\/www.europesays.com\/se\/120512\/"},"modified":"2025-12-30T06:45:15","modified_gmt":"2025-12-30T06:45:15","slug":"basket-pelle-larsson-ut-skadad-i-miamis-seger-mot-denver","status":"publish","type":"post","link":"https:\/\/www.europesays.com\/se\/120512\/","title":{"rendered":"Basket: Pelle Larsson ut skadad i Miamis seger mot Denver"},"content":{"rendered":"<p>Pelle Larsson missade nyligen fem matcher p\u00e5 grund av en fotled som vek sig.<\/p>\n<p>Tv\u00e5 matcher blev det. I den tredje var olyckan framme igen. Mot Denver Nuggets r\u00e5kade han springa in i motst\u00e5ndaren Tim Hardaway Jr och f\u00f6ll till marken.<\/p>\n<p>Med till synes tunga steg gick han sedan sj\u00e4lv mot b\u00e4nken och spelade efter det inte mer. Skadan var v\u00e4ldigt <a href=\"https:\/\/www.svt.se\/sport\/basket\/pelle-larssons-fot-stukad\" rel=\"nofollow noopener\" target=\"_blank\">lik den som<\/a> tidigare h\u00f6ll honom borta, men kanske tur f\u00f6r Miami var det den h\u00e4r g\u00e5ngen den andra foten.<\/p>\n<p>\u2013 Det \u00e4r s\u00e5 synd om honom som stukar fotleden, s\u00e4ger Spoelstra.<\/p>\n<p>Och inte bara f\u00f6ll Denver med 123-147. Megastj\u00e4rnan Nikola Jokic f\u00f6ll ocks\u00e5 ot\u00e4ckt till marken efter att ha blivit stampad p\u00e5 av en lagkamrat.<\/p>\n<p>En skada som s\u00e5g betydligt allvarligare ut.<\/p>\n<p>\u2013 Allt jag vet \u00e4r att det handlar om en kn\u00e4skada. Han visste direkt att n\u00e5got var fel, s\u00e4ger Nuggets tr\u00e4nare <a href=\"https:\/\/heavy.com\/sports\/nba\/denver-nuggets\/give-nikola-jokic-update-after-injury\/\" rel=\"nofollow noopener\" target=\"_blank\">David Adelman.<\/a><\/p>\n","protected":false},"excerpt":{"rendered":"Pelle Larsson missade nyligen fem matcher p\u00e5 grund av en fotled som vek sig. Tv\u00e5 matcher blev det.&hellip;\n","protected":false},"author":2,"featured_media":120513,"comment_status":"","ping_status":"","sticky":false,"template":"","format":"standard","meta":{"footnotes":""},"categories":[5],"tags":[22,23,26,27,17,21,24,25,28,29,15,16,18,34,31,33,32,30,19,20],"class_list":{"0":"post-120512","1":"post","2":"type-post","3":"status-publish","4":"format-standard","5":"has-post-thumbnail","7":"category-rubriker","8":"tag-breaking-news","9":"tag-breakingnews","10":"tag-featured-news","11":"tag-featurednews","12":"tag-headlines","13":"tag-huvudnyheter","14":"tag-latest-news","15":"tag-latestnews","16":"tag-main-news","17":"tag-mainnews","18":"tag-news","19":"tag-nyheter","20":"tag-rubriker","21":"tag-se","22":"tag-svenska","23":"tag-sverige","24":"tag-sweden","25":"tag-swedish","26":"tag-top-stories","27":"tag-topstories"},"share_on_mastodon":{"url":"https:\/\/pubeurope.com\/@se\/115807172844831980","error":""},"_links":{"self":[{"href":"https:\/\/www.europesays.com\/se\/wp-json\/wp\/v2\/posts\/120512","targetHints":{"allow":["GET"]}}],"collection":[{"href":"https:\/\/www.europesays.com\/se\/wp-json\/wp\/v2\/posts"}],"about":[{"href":"https:\/\/www.europesays.com\/se\/wp-json\/wp\/v2\/types\/post"}],"author":[{"embeddable":true,"href":"https:\/\/www.europesays.com\/se\/wp-json\/wp\/v2\/users\/2"}],"replies":[{"embeddable":true,"href":"https:\/\/www.europesays.com\/se\/wp-json\/wp\/v2\/comments?post=120512"}],"version-history":[{"count":0,"href":"https:\/\/www.europesays.com\/se\/wp-json\/wp\/v2\/posts\/120512\/revisions"}],"wp:featuredmedia":[{"embeddable":true,"href":"https:\/\/www.europesays.com\/se\/wp-json\/wp\/v2\/media\/120513"}],"wp:attachment":[{"href":"https:\/\/www.europesays.com\/se\/wp-json\/wp\/v2\/media?parent=120512"}],"wp:term":[{"taxonomy":"category","embeddable":true,"href":"https:\/\/www.europesays.com\/se\/wp-json\/wp\/v2\/categories?post=120512"},{"taxonomy":"post_tag","embeddable":true,"href":"https:\/\/www.europesays.com\/se\/wp-json\/wp\/v2\/tags?post=120512"}],"curies":[{"name":"wp","href":"https:\/\/api.w.org\/{rel}","templated":true}]}}