{"id":120514,"date":"2025-12-30T06:47:26","date_gmt":"2025-12-30T06:47:26","guid":{"rendered":"https:\/\/www.europesays.com\/se\/120514\/"},"modified":"2025-12-30T06:47:26","modified_gmt":"2025-12-30T06:47:26","slug":"sverige-vande-och-tog-ny-seger","status":"publish","type":"post","link":"https:\/\/www.europesays.com\/se\/120514\/","title":{"rendered":"Sverige v\u00e4nde och tog ny seger"},"content":{"rendered":"<p>Juniorkronorna jagar guld i Minnesota.<\/p>\n<p>Hela 13 \u00e5r har g\u00e5tt sedan Sverige senast tog hem ett guld i junior-VM. D\u00e5 avgjorde nuvarande New York Rangers-stj\u00e4rnan Mika Zibanejad mot Ryssland i Calgary, Kanada.<\/p>\n<p>I premi\u00e4ren mot Slovakien ordnade Sverige upp det, efter att ha tappat en 2\u20130-ledning till 2\u20132. Matchen vanns med 3\u20132.<\/p>\n<p><strong>Ett liknande scenario<\/strong> utspelade sig i n\u00e4sta gruppspelsmatch, mot Schweiz. Bl\u00e5gult fick en bra start och tog ledningen redan efter 53 sekunder genom Eric Nilson.<\/p>\n<p>Schweiz gav dock inte upp och bet ifr\u00e5n. Inf\u00f6r den tredje perioden hade schweizarna v\u00e4nt p\u00e5 steken och Sverige var i underl\u00e4ge, 1\u20132.<\/p>\n<p>Vad som sades i omkl\u00e4dningsrummet vid det tillf\u00e4llet \u00e4r det inte m\u00e5nga som vet. Men effekt gav det. Lucas Pettersson klev fram och blev tv\u00e5m\u00e5lsskytt i den andra raka svenska segern i turneringen.<\/p>\n<p>          <img decoding=\"async\" class=\"picture__img\" src=\"https:\/\/www.europesays.com\/se\/wp-content\/uploads\/2025\/12\/37f18515-0fc1-434e-91fe-78202f5dbee3.jpeg\"   alt=\"Lucas Pettersson stod f\u00f6r tv\u00e5 m\u00e5l mot Schweiz.\"\/><\/p>\n<p>      Lucas Pettersson stod f\u00f6r tv\u00e5 m\u00e5l mot Schweiz.<\/p>\n<p>      Foto: Michael Turner\/TT<\/p>\n<p>Lagets yngste spelare, Viggo Bj\u00f6rck, satte \u00e4ven han ett m\u00e5l och uts\u00e5gs till matchens spelare.<\/p>\n<p>\u2013 Vi b\u00f6rjade inse att vi ska lira pucken snabbare och spela mer som ett lag, s\u00e4ger han till SVT och forts\u00e4tter:<\/p>\n<p>\u2013 Det blev lite f\u00f6r stressat stundtals. Men sk\u00f6nt att vinna.<\/p>\n<p>Att ta tag i saker p\u00e5 isen, trots att man \u00e4r yngst i truppen, \u00e4r inget djurg\u00e5rdsspelaren t\u00e4nker p\u00e5.<\/p>\n<p>\u2013 Det \u00e4r bara hockey och vi vill vinna. Jag vill bara ta vara p\u00e5 chansen n\u00e4r jag f\u00e5r spela, s\u00e4ger Bj\u00f6rck.<\/p>\n<p>P\u00e5 m\u00e5ndag st\u00e4lls Sverige mot Tyskland och gruppspelet avslutas mot USA p\u00e5 ny\u00e5rsafton.<\/p>\n<p>Kvartsfinaler spelas 2\u20133 januari, semifinaler 4\u20135 januari, bronsmatch 5 januari och final 6 januari.<\/p>\n","protected":false},"excerpt":{"rendered":"Juniorkronorna jagar guld i Minnesota. Hela 13 \u00e5r har g\u00e5tt sedan Sverige senast tog hem ett guld i&hellip;\n","protected":false},"author":2,"featured_media":120515,"comment_status":"","ping_status":"","sticky":false,"template":"","format":"standard","meta":{"footnotes":""},"categories":[68],"tags":[34,111,110,31,33,32,30],"class_list":{"0":"post-120514","1":"post","2":"type-post","3":"status-publish","4":"format-standard","5":"has-post-thumbnail","7":"category-sport","8":"tag-se","9":"tag-sport","10":"tag-sports","11":"tag-svenska","12":"tag-sverige","13":"tag-sweden","14":"tag-swedish"},"share_on_mastodon":{"url":"https:\/\/pubeurope.com\/@se\/115807180729792424","error":""},"_links":{"self":[{"href":"https:\/\/www.europesays.com\/se\/wp-json\/wp\/v2\/posts\/120514","targetHints":{"allow":["GET"]}}],"collection":[{"href":"https:\/\/www.europesays.com\/se\/wp-json\/wp\/v2\/posts"}],"about":[{"href":"https:\/\/www.europesays.com\/se\/wp-json\/wp\/v2\/types\/post"}],"author":[{"embeddable":true,"href":"https:\/\/www.europesays.com\/se\/wp-json\/wp\/v2\/users\/2"}],"replies":[{"embeddable":true,"href":"https:\/\/www.europesays.com\/se\/wp-json\/wp\/v2\/comments?post=120514"}],"version-history":[{"count":0,"href":"https:\/\/www.europesays.com\/se\/wp-json\/wp\/v2\/posts\/120514\/revisions"}],"wp:featuredmedia":[{"embeddable":true,"href":"https:\/\/www.europesays.com\/se\/wp-json\/wp\/v2\/media\/120515"}],"wp:attachment":[{"href":"https:\/\/www.europesays.com\/se\/wp-json\/wp\/v2\/media?parent=120514"}],"wp:term":[{"taxonomy":"category","embeddable":true,"href":"https:\/\/www.europesays.com\/se\/wp-json\/wp\/v2\/categories?post=120514"},{"taxonomy":"post_tag","embeddable":true,"href":"https:\/\/www.europesays.com\/se\/wp-json\/wp\/v2\/tags?post=120514"}],"curies":[{"name":"wp","href":"https:\/\/api.w.org\/{rel}","templated":true}]}}