{"id":120518,"date":"2025-12-30T06:51:26","date_gmt":"2025-12-30T06:51:26","guid":{"rendered":"https:\/\/www.europesays.com\/se\/120518\/"},"modified":"2025-12-30T06:51:26","modified_gmt":"2025-12-30T06:51:26","slug":"sex-personer-som-kan-paverka-europa-2026","status":"publish","type":"post","link":"https:\/\/www.europesays.com\/se\/120518\/","title":{"rendered":"Sex personer som kan p\u00e5verka Europa 2026"},"content":{"rendered":"<p class=\"boxtextgrotesk-root_baa6 hyperion-css-7pajle\">Publicerad 2025-12-29 06.15<\/p>\n<p>share-arrowDela<\/p>\n<p>unsaveSpara<\/p>\n<p>chevron-leftf\u00f6reg\u00e5endechevron-rightn\u00e4staAlice Weidel, ledare f\u00f6r tyska ytterh\u00f6gerpartiet AFD, under en valvaka i februari 2025. Arkivfoto.<\/p>\n<p>1 \/ 3Foto: Soeren Stache\/Dpa\/AP\/TT<\/p>\n<p class=\"hyperion-css-1shl3oz\" data-test-tag=\"lead-text\">Tippar Europa \u00e4nnu mer \u00e5t h\u00f6ger under 2026 \u2013 eller blir det en motreaktion mot USA:s Donald Trump?<\/p>\n<p class=\"hyperion-css-1shl3oz\" data-test-tag=\"lead-text\">H\u00e4r \u00e4r sex personer i europeiskt fokus under v\u00e5ren.<\/p>\n<p class=\"hyperion-css-1v9qo5x\">Marine Le Pen, Frankrike<\/p>\n<p class=\"hyperion-css-1v9qo5x\">I mitten av januari inleds \u00f6verklagandet av en korruptionsdom som \u00e4n s\u00e5 l\u00e4nge stoppar den franska ytterh\u00f6gerns galjonsfigur fr\u00e5n att st\u00e4lla upp i val. Utg\u00e5ngen avg\u00f6r om Le Pen kan b\u00f6rja planera f\u00f6r presidentvalet 2027 och den nya r\u00e4tteg\u00e5ngen l\u00e4r ocks\u00e5 spela in p\u00e5 Frankrikes kommunalval i mars.<\/p>\n<p class=\"hyperion-css-1v9qo5x\">Ursula von der Leyen, Tyskland<\/p>\n<p class=\"hyperion-css-1v9qo5x\">EU-kommissionens ordf\u00f6rande har sedan 2019 lutat sig mot starkt st\u00f6d fr\u00e5n medlemsl\u00e4ndernas ledare och en stabil mittenmajoritet av konservativa, liberaler och socialdemokrater i EU-parlamentet. Men nu pressas hon allt h\u00e5rdare fr\u00e5n b\u00e5de v\u00e4nster och ytterh\u00f6ger, samtidigt som utmaningarna \u00e4r tunga kring b\u00e5de Ukraina och relationen till USA.<\/p>\n<p class=\"hyperion-css-1v9qo5x\">Alice Weidel, Tyskland<\/p>\n<p class=\"hyperion-css-1v9qo5x\">Ledaren f\u00f6r tyska AFD har medvind och USA-st\u00f6d fr\u00e5n b\u00e5de politiker och techmiljard\u00e4ren Elon Musk. I mars hoppas AFD bef\u00e4sta sin v\u00e4xande st\u00e4llning med rej\u00e4la framg\u00e5ngar i tunga delstatsval i Rheinland-Pfalz och Baden-W\u00fcrttemberg.<\/p>\n<p class=\"hyperion-css-1v9qo5x\">Janez Jansa, Slovenien<\/p>\n<p class=\"hyperion-css-1v9qo5x\">I samlingen av minst sagt Bryssel-kritiska premi\u00e4rministrar i Centraleuropa har b\u00e5de Robert Fico i Slovakien och Andrej Babis i Tjeckien nyligen kommit tillbaka till makten. Nu hoppas Jansa i Slovenien g\u00f6ra samma sak i parlamentsvalet i mars.<\/p>\n<p class=\"hyperion-css-1v9qo5x\">P\u00e9ter Magyar, Ungern<\/p>\n<p class=\"hyperion-css-1v9qo5x\">Regeringspartiet Fidesz har dominerat totalt i Ungern \u00e4nda sedan 2010, men nu finns f\u00f6r f\u00f6rsta g\u00e5ngen p\u00e5 l\u00e4nge en verklig utmanare till premi\u00e4rminister Viktor Orb\u00e1n. Oppositionsledaren Magyar l\u00e4r dock ans\u00e4ttas h\u00e5rt b\u00e5de juridiskt och politiskt inf\u00f6r valet i april.<\/p>\n<p class=\"hyperion-css-1v9qo5x\">Zack Polanski, Storbritannien<\/p>\n<p class=\"hyperion-css-1v9qo5x\">De traditionella brittiska storpartierna Labour och Tories k\u00e4mpar i bakvatten n\u00e4r st\u00f6det i st\u00e4llet \u00f6kar f\u00f6r Nigel Farages Reformparti, Liberaldemokraterna och De gr\u00f6na. Nya partiledaren Polanski har lyft de sistn\u00e4mnda i raketfart och hoppas p\u00e5 en gr\u00f6n v\u00e5g i lokalvalen i maj.<\/p>\n<p>FAKTATunga Europadatum under v\u00e5ren<\/p>\n<p class=\"hyperion-css-jonaf8\">H\u00e4r \u00e4r n\u00e5gra viktiga datum i Europapolitiken under f\u00f6rsta halv\u00e5ret 2026:<\/p>\n<p class=\"hyperion-css-jonaf8\">1 januari: Cypern tar \u00f6ver som ordf\u00f6randeland i EU:s ministerr\u00e5d<\/p>\n<p class=\"hyperion-css-jonaf8\">12 februari: Informellt EU-toppm\u00f6te i Belgien<\/p>\n<p class=\"hyperion-css-jonaf8\">8 och 22 mars: F\u00f6rbundsstatsval i Baden-W\u00fcrttemberg och Rheinland-Pfalz<\/p>\n<p class=\"hyperion-css-jonaf8\">15 och 22 mars: Kommunalval i Frankrike<\/p>\n<p class=\"hyperion-css-jonaf8\">15, 22 eller 29 mars: Parlamentsval i Slovenien<\/p>\n<p class=\"hyperion-css-jonaf8\">19-20 mars: EU-toppm\u00f6te i Bryssel<\/p>\n<p class=\"hyperion-css-jonaf8\">12 april: Parlamentsval i Ungern<\/p>\n<p class=\"hyperion-css-jonaf8\">23-24 april: Informellt EU-toppm\u00f6te i Cypern<\/p>\n<p class=\"hyperion-css-jonaf8\">4 maj: EPC-toppm\u00f6te i Armenien<\/p>\n<p class=\"hyperion-css-jonaf8\">7 maj: Lokal- och regionalval i Storbritannien<\/p>\n<p class=\"hyperion-css-jonaf8\">24 maj: Parlamentsval i Cypern<\/p>\n<p class=\"hyperion-css-jonaf8\">14-16 juni: G7-toppm\u00f6te i Frankrike<\/p>\n<p class=\"hyperion-css-jonaf8\">18-19 juni: EU-toppm\u00f6te i Bryssel<\/p>\n<p>L\u00e4s mer<\/p>\n","protected":false},"excerpt":{"rendered":"Publicerad 2025-12-29 06.15 share-arrowDela unsaveSpara chevron-leftf\u00f6reg\u00e5endechevron-rightn\u00e4staAlice Weidel, ledare f\u00f6r tyska ytterh\u00f6gerpartiet AFD, under en valvaka i februari 2025.&hellip;\n","protected":false},"author":2,"featured_media":120519,"comment_status":"","ping_status":"","sticky":false,"template":"","format":"standard","meta":{"footnotes":""},"categories":[65],"tags":[72,70,71,34,31,33,32,30],"class_list":{"0":"post-120518","1":"post","2":"type-post","3":"status-publish","4":"format-standard","5":"has-post-thumbnail","7":"category-ekonomi","8":"tag-business","9":"tag-economy","10":"tag-ekonomi","11":"tag-se","12":"tag-svenska","13":"tag-sverige","14":"tag-sweden","15":"tag-swedish"},"share_on_mastodon":{"url":"https:\/\/pubeurope.com\/@se\/115807196499872163","error":""},"_links":{"self":[{"href":"https:\/\/www.europesays.com\/se\/wp-json\/wp\/v2\/posts\/120518","targetHints":{"allow":["GET"]}}],"collection":[{"href":"https:\/\/www.europesays.com\/se\/wp-json\/wp\/v2\/posts"}],"about":[{"href":"https:\/\/www.europesays.com\/se\/wp-json\/wp\/v2\/types\/post"}],"author":[{"embeddable":true,"href":"https:\/\/www.europesays.com\/se\/wp-json\/wp\/v2\/users\/2"}],"replies":[{"embeddable":true,"href":"https:\/\/www.europesays.com\/se\/wp-json\/wp\/v2\/comments?post=120518"}],"version-history":[{"count":0,"href":"https:\/\/www.europesays.com\/se\/wp-json\/wp\/v2\/posts\/120518\/revisions"}],"wp:featuredmedia":[{"embeddable":true,"href":"https:\/\/www.europesays.com\/se\/wp-json\/wp\/v2\/media\/120519"}],"wp:attachment":[{"href":"https:\/\/www.europesays.com\/se\/wp-json\/wp\/v2\/media?parent=120518"}],"wp:term":[{"taxonomy":"category","embeddable":true,"href":"https:\/\/www.europesays.com\/se\/wp-json\/wp\/v2\/categories?post=120518"},{"taxonomy":"post_tag","embeddable":true,"href":"https:\/\/www.europesays.com\/se\/wp-json\/wp\/v2\/tags?post=120518"}],"curies":[{"name":"wp","href":"https:\/\/api.w.org\/{rel}","templated":true}]}}