{"id":120525,"date":"2025-12-30T06:56:23","date_gmt":"2025-12-30T06:56:23","guid":{"rendered":"https:\/\/www.europesays.com\/se\/120525\/"},"modified":"2025-12-30T06:56:23","modified_gmt":"2025-12-30T06:56:23","slug":"mathilde-myhrvold-bryter-tour-de-ski","status":"publish","type":"post","link":"https:\/\/www.europesays.com\/se\/120525\/","title":{"rendered":"Mathilde Myhrvold bryter Tour de Ski"},"content":{"rendered":"<p>Publicerad 28 dec 2025 kl 16.13Uppdaterad kl 22.18<\/p>\n<p>Mathilde Myhrvold f\u00f6rdes till sjukhus efter sprinten.\u00a0<\/p>\n<p>Senare p\u00e5 kv\u00e4llen stod det klart att hon bryter Tour de ski.<\/p>\n<p>\u2013 Hennes axel \u00e4r ur led, d\u00e4rf\u00f6r \u00e4r Tour de ski tyv\u00e4rr \u00f6ver f\u00f6r henne, s\u00e4ger landslagsl\u00e4karen Ove Feragen.\u00a0<\/p>\n<p><img   alt=\"\"\/> <\/p>\n<p>Foto: MAXIM THORE \/ BILDBYR\u00c5N<\/p>\n<p>\u00d6ppna bild i helsk\u00e4rm<\/p>\n<p>27-\u00e5ringen gick i m\u00e5l en minut och 21 sekunder efter vinnaren Kristine Stav\u00e5s Skistad under s\u00f6ndagen.<\/p>\n<p>D\u00e5 syntes hon h\u00e5lla sig f\u00f6r ena armen, samtidigt som hon fick hj\u00e4lp att ta av sig ena handsken.\u00a0<\/p>\n<p>Allt innan Myhrvold fick hj\u00e4lp till ett l\u00e4kart\u00e4lt intill banan.<\/p>\n<p>\u2013 Jag hoppas att det inte \u00e4r s\u00e5 illa som det s\u00e5g ut, s\u00e4ger Maja Dahlqvist efter\u00e5t.<\/p>\n<p>Maja Dahlqvists reaktion: \u201dSynd\u201d<\/p>\n<p>Faktum \u00e4r att \u00e5karna, f\u00f6r att f\u00e5 forts\u00e4tta t\u00e4vla, m\u00e5ste passera m\u00e5llinjen under tourens t\u00e4vlingar.<\/p>\n<p>\u2013 Jag t\u00e4nkte bara att det \u00e4r synd att det \u00e4r en tour s\u00e5 man m\u00e5ste ta sig i m\u00e5l. Men tur att det \u00e4r en sprint s\u00e5 det inte var s\u00e5 l\u00e5ngt till m\u00e5l.<\/p>\n<p><img loading=\"lazy\"   alt=\"\"\/> <\/p>\n<p>Foto: MAXIM THORE \/ BILDBYR\u00c5N<\/p>\n<p>\u00d6ppna bild i helsk\u00e4rm<\/p>\n<p>En stund efter att loppet avslutats kom beskedet att Myhrvold f\u00f6rts till sjukhus f\u00f6r att r\u00f6ntgas.<\/p>\n<p>\u2013 Hon f\u00f6ll och slog i axeln. Exakt vad som h\u00e4nt med den vet jag inte, men hon har sv\u00e5ra sm\u00e4rtor i axeln, s\u00e4ger den norske tr\u00e4naren Sjur Ole Svarstad.<\/p>\n<p>Det blev det sista Mathilde Myrvold gjorde i \u00e5rets <a href=\"https:\/\/www.expressen.se\/tagg\/organization\/tour-de-ski\/\" class=\"\" rel=\"nofollow noopener\" target=\"_blank\">Tour de ski<\/a>. N\u00e4r startlistorna f\u00f6r m\u00e5ndagens etapp presenterades under kv\u00e4llen fanns inte norskan med \u2013 som d\u00e4rmed bryter touren.<\/p>\n<p>\u2013 Mathildes axel \u00e4r ur led, n\u00e5got som bekr\u00e4ftades efter en r\u00f6ntgen p\u00e5 ett lokalt sjukhus. De har nu satt den p\u00e5 plats igen, men p\u00e5 grund av den h\u00e4r skadan \u00e4r Tour de ski tyv\u00e4rr \u00f6ver f\u00f6r henne, s\u00e4ger landslagsl\u00e4karen Ove Feragen.<\/p>\n<p>H\u00e4rn\u00e4st st\u00e5r 10 kilometer klassisk stil p\u00e5 schemat f\u00f6r \u00e5karna i Tour de ski.<\/p>\n","protected":false},"excerpt":{"rendered":"Publicerad 28 dec 2025 kl 16.13Uppdaterad kl 22.18 Mathilde Myhrvold f\u00f6rdes till sjukhus efter sprinten.\u00a0 Senare p\u00e5 kv\u00e4llen&hellip;\n","protected":false},"author":2,"featured_media":120526,"comment_status":"","ping_status":"","sticky":false,"template":"","format":"standard","meta":{"footnotes":""},"categories":[68],"tags":[12204,34,857,111,110,31,33,32,30],"class_list":{"0":"post-120525","1":"post","2":"type-post","3":"status-publish","4":"format-standard","5":"has-post-thumbnail","7":"category-sport","8":"tag-organization-tour-de-ski","9":"tag-se","10":"tag-sections-langdskidor","11":"tag-sport","12":"tag-sports","13":"tag-svenska","14":"tag-sverige","15":"tag-sweden","16":"tag-swedish"},"share_on_mastodon":{"url":"https:\/\/pubeurope.com\/@se\/115807216130060231","error":""},"_links":{"self":[{"href":"https:\/\/www.europesays.com\/se\/wp-json\/wp\/v2\/posts\/120525","targetHints":{"allow":["GET"]}}],"collection":[{"href":"https:\/\/www.europesays.com\/se\/wp-json\/wp\/v2\/posts"}],"about":[{"href":"https:\/\/www.europesays.com\/se\/wp-json\/wp\/v2\/types\/post"}],"author":[{"embeddable":true,"href":"https:\/\/www.europesays.com\/se\/wp-json\/wp\/v2\/users\/2"}],"replies":[{"embeddable":true,"href":"https:\/\/www.europesays.com\/se\/wp-json\/wp\/v2\/comments?post=120525"}],"version-history":[{"count":0,"href":"https:\/\/www.europesays.com\/se\/wp-json\/wp\/v2\/posts\/120525\/revisions"}],"wp:featuredmedia":[{"embeddable":true,"href":"https:\/\/www.europesays.com\/se\/wp-json\/wp\/v2\/media\/120526"}],"wp:attachment":[{"href":"https:\/\/www.europesays.com\/se\/wp-json\/wp\/v2\/media?parent=120525"}],"wp:term":[{"taxonomy":"category","embeddable":true,"href":"https:\/\/www.europesays.com\/se\/wp-json\/wp\/v2\/categories?post=120525"},{"taxonomy":"post_tag","embeddable":true,"href":"https:\/\/www.europesays.com\/se\/wp-json\/wp\/v2\/tags?post=120525"}],"curies":[{"name":"wp","href":"https:\/\/api.w.org\/{rel}","templated":true}]}}