{"id":120527,"date":"2025-12-30T07:06:12","date_gmt":"2025-12-30T07:06:12","guid":{"rendered":"https:\/\/www.europesays.com\/se\/120527\/"},"modified":"2025-12-30T07:06:12","modified_gmt":"2025-12-30T07:06:12","slug":"duplantis-bast-i-varlden-igen","status":"publish","type":"post","link":"https:\/\/www.europesays.com\/se\/120527\/","title":{"rendered":"Duplantis b\u00e4st i v\u00e4rlden \u2013 igen"},"content":{"rendered":"<p>Det \u00e4r sportjournalister v\u00e4rlden \u00f6ver som har r\u00f6stat fram den svensk-amerikanske stavhoppargiganten till den b\u00e4sta i \u00e5r. Duplantis fick 1\u00a0182 po\u00e4ng och den spanske v\u00e4rldsettan i tennis, Carlos Alcaraz, kom tv\u00e5a med 784 po\u00e4ng. Franske fotbollsspelaren Ousmane Dembel\u00e9, som utsetts till v\u00e4rldens b\u00e4ste fotbollsspelare i \u00e5r, kom trea i omr\u00f6stningen med 713 po\u00e4ng.<\/p>\n<p>Duplantis, som i \u00e5r satte v\u00e4rldsrekord fyra g\u00e5nger och tog VM-guld, har redan f\u00e5tt flera utm\u00e4rkelser. Bland annat har BBC utsett honom till \u00e5rets idrottsstj\u00e4rna i v\u00e4rlden f\u00f6r andra \u00e5ret i f\u00f6ljd. Och han har utsetts till b\u00e5de v\u00e4rldens och Europas b\u00e4sta manliga friidrottare.<\/p>\n","protected":false},"excerpt":{"rendered":"Det \u00e4r sportjournalister v\u00e4rlden \u00f6ver som har r\u00f6stat fram den svensk-amerikanske stavhoppargiganten till den b\u00e4sta i \u00e5r. Duplantis&hellip;\n","protected":false},"author":2,"featured_media":120528,"comment_status":"","ping_status":"","sticky":false,"template":"","format":"standard","meta":{"footnotes":""},"categories":[68],"tags":[34,111,110,31,33,32,30],"class_list":{"0":"post-120527","1":"post","2":"type-post","3":"status-publish","4":"format-standard","5":"has-post-thumbnail","7":"category-sport","8":"tag-se","9":"tag-sport","10":"tag-sports","11":"tag-svenska","12":"tag-sverige","13":"tag-sweden","14":"tag-swedish"},"share_on_mastodon":{"url":"https:\/\/pubeurope.com\/@se\/115807255438277375","error":""},"_links":{"self":[{"href":"https:\/\/www.europesays.com\/se\/wp-json\/wp\/v2\/posts\/120527","targetHints":{"allow":["GET"]}}],"collection":[{"href":"https:\/\/www.europesays.com\/se\/wp-json\/wp\/v2\/posts"}],"about":[{"href":"https:\/\/www.europesays.com\/se\/wp-json\/wp\/v2\/types\/post"}],"author":[{"embeddable":true,"href":"https:\/\/www.europesays.com\/se\/wp-json\/wp\/v2\/users\/2"}],"replies":[{"embeddable":true,"href":"https:\/\/www.europesays.com\/se\/wp-json\/wp\/v2\/comments?post=120527"}],"version-history":[{"count":0,"href":"https:\/\/www.europesays.com\/se\/wp-json\/wp\/v2\/posts\/120527\/revisions"}],"wp:featuredmedia":[{"embeddable":true,"href":"https:\/\/www.europesays.com\/se\/wp-json\/wp\/v2\/media\/120528"}],"wp:attachment":[{"href":"https:\/\/www.europesays.com\/se\/wp-json\/wp\/v2\/media?parent=120527"}],"wp:term":[{"taxonomy":"category","embeddable":true,"href":"https:\/\/www.europesays.com\/se\/wp-json\/wp\/v2\/categories?post=120527"},{"taxonomy":"post_tag","embeddable":true,"href":"https:\/\/www.europesays.com\/se\/wp-json\/wp\/v2\/tags?post=120527"}],"curies":[{"name":"wp","href":"https:\/\/api.w.org\/{rel}","templated":true}]}}