{"id":120531,"date":"2025-12-30T07:15:13","date_gmt":"2025-12-30T07:15:13","guid":{"rendered":"https:\/\/www.europesays.com\/se\/120531\/"},"modified":"2025-12-30T07:15:13","modified_gmt":"2025-12-30T07:15:13","slug":"veckans-filmer-och-serier-mord-och-arvsynd","status":"publish","type":"post","link":"https:\/\/www.europesays.com\/se\/120531\/","title":{"rendered":"Veckans filmer och serier \u2013 mord och arvsynd"},"content":{"rendered":"<p>share-arrowDela<\/p>\n<p>unsaveSpara<\/p>\n<p>chevron-leftf\u00f6reg\u00e5endechevron-rightn\u00e4staPeter Gantman spelar patriarken Elis i &#8221;Synden&#8221;.<\/p>\n<p>1 \/ 6Foto: Carolina Romare\/Netflix<\/p>\n<p class=\"hyperion-css-1shl3oz\" data-test-tag=\"lead-text\">Sl\u00e4ktkr\u00f6nika och mord blandas i det svenska kriminaldramat \u201dSynden\u201d p\u00e5 Netflix, som ocks\u00e5 traditionsenligt sl\u00e4pper en Harlan Coben-serie p\u00e5 ny\u00e5rsdagen.<\/p>\n<p class=\"hyperion-css-1shl3oz\" data-test-tag=\"lead-text\">H\u00e4r \u00e4r veckans filmer och serier.<\/p>\n<p class=\"hyperion-css-1v9qo5x\">TV\/STR\u00d6MMAT<\/p>\n<p class=\"hyperion-css-1v9qo5x\">\u201dSynden\u201d (2\/1, Netflix).<\/p>\n<p class=\"hyperion-css-1v9qo5x\">Regiss\u00f6ren Peter Gr\u00f6nlund (\u201dTjuvheder\u201d, tv-serien \u201dBj\u00f6rnstad\u201d) sparkar i g\u00e5ng det svenska tv-\u00e5ret p\u00e5 Netflix med en serie som \u00e4r lika delar kriminaldrama och sl\u00e4ktkr\u00f6nika. Ton\u00e5ringen Silas hittas d\u00f6d i Sk\u00e5ne och polisen Dani (Krista Kosonen) misst\u00e4nker snart att mordet kan kopplas till en sl\u00e4ktfejd som p\u00e5g\u00e5tt l\u00e4nge.<\/p>\n<p class=\"hyperion-css-1v9qo5x\">\u201dInte ett ord\u201d (1\/1, Netflix).<\/p>\n<p class=\"hyperion-css-1v9qo5x\">Det \u00e4r tradition numera att Netflix sl\u00e4pper en Harlan Coben-serie p\u00e5 ny\u00e5rsdagen. I \u00e5rets kriminaldrama letar aff\u00e4rsmannen Simon (James Nesbitt) desperat efter sin missbrukande dotter Paige (Ellie de Lange), men blir sj\u00e4lv f\u00f6rem\u00e5l f\u00f6r polisens intresse. N\u00e4r han tar hj\u00e4lp av en privatdetektiv (Ruth Jones) kan hon koppla ihop flera fall med hans dotter.<\/p>\n<p class=\"hyperion-css-1v9qo5x\">\u201dDen perfekta v\u00e4ninnan\u201d (1\/1, SVT Play).<\/p>\n<p class=\"hyperion-css-1v9qo5x\">Brittisk thrillerserie om den arbetsl\u00f6sa st\u00e4derskan Ria (Gabrielle Creevy) som f\u00e5r jobb hos den stormrika Ria (Eve Myles) och tror sig ha f\u00e5tt en f\u00f6rebild att se upp till. Men s\u00e5 enkelt \u00e4r det f\u00f6rst\u00e5s inte och snart f\u00f6rst\u00e5r Ria varf\u00f6r tr\u00e4dg\u00e5rdsm\u00e4staren r\u00e5tt henne att fly medan hon fortfarande kan.<\/p>\n<p class=\"hyperion-css-1v9qo5x\">\u201dAmadeus\u201d (2\/1, SkyShowtime).<\/p>\n<p class=\"hyperion-css-1v9qo5x\">Dramaserie som ber\u00e4ttar den otroliga och tragiska historien om Mozart med samma f\u00f6rlaga som den ber\u00f6mda filmen av Milos Forman fr\u00e5n 80-talet. Will Sharpe (k\u00e4nd fr\u00e5n andra s\u00e4songen av \u201dThe White Lotus\u201d) spelar den genif\u00f6rklarade komposit\u00f6ren mot Paul Bettany i rollen som den avundsjuke och inte lika geniale Salieri.<\/p>\n<p class=\"hyperion-css-1v9qo5x\">FILM (premi\u00e4r 2\/1 p\u00e5 bio).<\/p>\n<p class=\"hyperion-css-1v9qo5x\">\u201dExit 8\u201d.<\/p>\n<p class=\"hyperion-css-1v9qo5x\">Japansk rysare om stressade resen\u00e4rers v\u00e4rsta mardr\u00f6m \u2013 att fastna i en o\u00e4ndlig och steril tunnelbaneg\u00e5ng utan n\u00e5gon v\u00e4g ut. Fast den vilsne mannen m\u00e5ste f\u00f6rs\u00f6ka ta sig hem till sin gravida flickv\u00e4n, men varje g\u00e5ng han tar fel v\u00e4g kastas han tillbaka till utg\u00e5ngspunkten. Kazunari Ninomiya spelar mannen som \u00e4r vilse i filmen, vars f\u00f6rlaga \u00e4r ett popul\u00e4rt datorspel.<\/p>\n<p class=\"hyperion-css-1v9qo5x\">\u201dAbb\u00e9 Pierre \u2013 ett sekel av h\u00e4ngivenhet\u201d.<\/p>\n<p class=\"hyperion-css-1v9qo5x\">Biografisk fransk film om Henri Grou\u00e8s som efter att ha varit motst\u00e5ndsman under andra v\u00e4rldskriget blev munk, tog sig namnet Abb\u00e9 Pierre och grundade den internationella hj\u00e4lporganisationen Emmausr\u00f6relsen. Benjamin Lavernhe g\u00f6r huvudrollen i Fr\u00e9d\u00e9ric Telliers film.<\/p>\n","protected":false},"excerpt":{"rendered":"share-arrowDela unsaveSpara chevron-leftf\u00f6reg\u00e5endechevron-rightn\u00e4staPeter Gantman spelar patriarken Elis i &#8221;Synden&#8221;. 1 \/ 6Foto: Carolina Romare\/Netflix Sl\u00e4ktkr\u00f6nika och mord blandas&hellip;\n","protected":false},"author":2,"featured_media":120532,"comment_status":"","ping_status":"","sticky":false,"template":"","format":"standard","meta":{"footnotes":""},"categories":[67],"tags":[104,34,31,33,32,30,105],"class_list":{"0":"post-120531","1":"post","2":"type-post","3":"status-publish","4":"format-standard","5":"has-post-thumbnail","7":"category-underhallning","8":"tag-entertainment","9":"tag-se","10":"tag-svenska","11":"tag-sverige","12":"tag-sweden","13":"tag-swedish","14":"tag-underhallning"},"share_on_mastodon":{"url":"https:\/\/pubeurope.com\/@se\/115807290814571297","error":""},"_links":{"self":[{"href":"https:\/\/www.europesays.com\/se\/wp-json\/wp\/v2\/posts\/120531","targetHints":{"allow":["GET"]}}],"collection":[{"href":"https:\/\/www.europesays.com\/se\/wp-json\/wp\/v2\/posts"}],"about":[{"href":"https:\/\/www.europesays.com\/se\/wp-json\/wp\/v2\/types\/post"}],"author":[{"embeddable":true,"href":"https:\/\/www.europesays.com\/se\/wp-json\/wp\/v2\/users\/2"}],"replies":[{"embeddable":true,"href":"https:\/\/www.europesays.com\/se\/wp-json\/wp\/v2\/comments?post=120531"}],"version-history":[{"count":0,"href":"https:\/\/www.europesays.com\/se\/wp-json\/wp\/v2\/posts\/120531\/revisions"}],"wp:featuredmedia":[{"embeddable":true,"href":"https:\/\/www.europesays.com\/se\/wp-json\/wp\/v2\/media\/120532"}],"wp:attachment":[{"href":"https:\/\/www.europesays.com\/se\/wp-json\/wp\/v2\/media?parent=120531"}],"wp:term":[{"taxonomy":"category","embeddable":true,"href":"https:\/\/www.europesays.com\/se\/wp-json\/wp\/v2\/categories?post=120531"},{"taxonomy":"post_tag","embeddable":true,"href":"https:\/\/www.europesays.com\/se\/wp-json\/wp\/v2\/tags?post=120531"}],"curies":[{"name":"wp","href":"https:\/\/api.w.org\/{rel}","templated":true}]}}