{"id":120534,"date":"2025-12-30T07:18:28","date_gmt":"2025-12-30T07:18:28","guid":{"rendered":"https:\/\/www.europesays.com\/se\/120534\/"},"modified":"2025-12-30T07:18:28","modified_gmt":"2025-12-30T07:18:28","slug":"tre-doda-nar-hus-kollapsade","status":"publish","type":"post","link":"https:\/\/www.europesays.com\/se\/120534\/","title":{"rendered":"Tre d\u00f6da n\u00e4r hus kollapsade"},"content":{"rendered":"<p class=\"boxtextgrotesk-root_baa6 hyperion-css-7pajle\">Publicerad 2025-12-28 12.35<\/p>\n<p>share-arrowDela<\/p>\n<p>unsaveSpara<\/p>\n<p class=\"hyperion-css-1shl3oz\" data-test-tag=\"lead-text\">Tre m\u00e4nniskor, bland dem ett ett\u00e5rigt barn, dog n\u00e4r ett tv\u00e5v\u00e5ningshus f\u00f6ll samman i Soweto i Sydafrika.<\/p>\n<p class=\"hyperion-css-1v9qo5x\">Ytterligare tre personer skadades i kollapsen och v\u00e5rdas nu p\u00e5 sjukhus, enligt myndigheter.<\/p>\n<p class=\"hyperion-css-1v9qo5x\">Samtliga sex befann sig i byggnaden n\u00e4r den f\u00f6ll ihop tidigt p\u00e5 s\u00f6ndagen. De \u00f6verlevande var fastkl\u00e4mda under rasmassor innan de kunde dras fram.<\/p>\n<p class=\"hyperion-css-1v9qo5x\">Soweto \u00e4r en f\u00f6rstad som ligger v\u00e4ster om Johannesburg. H\u00e4ndelsen utreds, uppger en talesperson f\u00f6r Johannesburgs katastrofmyndighet.<\/p>\n","protected":false},"excerpt":{"rendered":"Publicerad 2025-12-28 12.35 share-arrowDela unsaveSpara Tre m\u00e4nniskor, bland dem ett ett\u00e5rigt barn, dog n\u00e4r ett tv\u00e5v\u00e5ningshus f\u00f6ll samman&hellip;\n","protected":false},"author":2,"featured_media":465,"comment_status":"","ping_status":"","sticky":false,"template":"","format":"standard","meta":{"footnotes":""},"categories":[14],"tags":[22,23,26,27,17,21,24,25,28,29,15,16,18,34,31,33,32,30,19,20,51,52,53,54],"class_list":{"0":"post-120534","1":"post","2":"type-post","3":"status-publish","4":"format-standard","5":"has-post-thumbnail","7":"category-varlden","8":"tag-breaking-news","9":"tag-breakingnews","10":"tag-featured-news","11":"tag-featurednews","12":"tag-headlines","13":"tag-huvudnyheter","14":"tag-latest-news","15":"tag-latestnews","16":"tag-main-news","17":"tag-mainnews","18":"tag-news","19":"tag-nyheter","20":"tag-rubriker","21":"tag-se","22":"tag-svenska","23":"tag-sverige","24":"tag-sweden","25":"tag-swedish","26":"tag-top-stories","27":"tag-topstories","28":"tag-varlden","29":"tag-world","30":"tag-world-news","31":"tag-worldnews"},"share_on_mastodon":{"url":"https:\/\/pubeurope.com\/@se\/115807302620298732","error":""},"_links":{"self":[{"href":"https:\/\/www.europesays.com\/se\/wp-json\/wp\/v2\/posts\/120534","targetHints":{"allow":["GET"]}}],"collection":[{"href":"https:\/\/www.europesays.com\/se\/wp-json\/wp\/v2\/posts"}],"about":[{"href":"https:\/\/www.europesays.com\/se\/wp-json\/wp\/v2\/types\/post"}],"author":[{"embeddable":true,"href":"https:\/\/www.europesays.com\/se\/wp-json\/wp\/v2\/users\/2"}],"replies":[{"embeddable":true,"href":"https:\/\/www.europesays.com\/se\/wp-json\/wp\/v2\/comments?post=120534"}],"version-history":[{"count":0,"href":"https:\/\/www.europesays.com\/se\/wp-json\/wp\/v2\/posts\/120534\/revisions"}],"wp:featuredmedia":[{"embeddable":true,"href":"https:\/\/www.europesays.com\/se\/wp-json\/wp\/v2\/media\/465"}],"wp:attachment":[{"href":"https:\/\/www.europesays.com\/se\/wp-json\/wp\/v2\/media?parent=120534"}],"wp:term":[{"taxonomy":"category","embeddable":true,"href":"https:\/\/www.europesays.com\/se\/wp-json\/wp\/v2\/categories?post=120534"},{"taxonomy":"post_tag","embeddable":true,"href":"https:\/\/www.europesays.com\/se\/wp-json\/wp\/v2\/tags?post=120534"}],"curies":[{"name":"wp","href":"https:\/\/api.w.org\/{rel}","templated":true}]}}