{"id":120535,"date":"2025-12-30T07:19:07","date_gmt":"2025-12-30T07:19:07","guid":{"rendered":"https:\/\/www.europesays.com\/se\/120535\/"},"modified":"2025-12-30T07:19:07","modified_gmt":"2025-12-30T07:19:07","slug":"30-december-08-00-sammanfattning-natt-jonkopings-lan","status":"publish","type":"post","link":"https:\/\/www.europesays.com\/se\/120535\/","title":{"rendered":"30 december 08.00, Sammanfattning natt, J\u00f6nk\u00f6pings l\u00e4n"},"content":{"rendered":"<p>God morgon. Under natten har polisens regionledningscentral \u00f6st hanterat ett 50-tal \u00e4renden som r\u00f6r J\u00f6nk\u00f6pings l\u00e4n. I \u00f6vrigt har natten f\u00f6rflutit med rutin\u00e4renden i form av kontroller av personer och fordon samt trygghetsskapande arbete. Det \u00e4r fortsatt inkommande samtal om sm\u00e4llare runt om i l\u00e4net.\u00a0<\/p>\n<p><strong>22:02, Larm om sm\u00e4llar, Gislaved\u00a0<\/strong><br \/>Polis larmas till centrala\u00a0Gislaved med initialt larm om en explosion d\u00e5 samtal inkommit om en mycket h\u00f6g sm\u00e4ll. Det har kunnat s\u00e4kerst\u00e4llas att det r\u00f6rt sig om fyrverkerier.\u00a0<\/p>\n<p><strong>22:27, Larm om sm\u00e4llar, J\u00f6nk\u00f6ping<\/strong><br \/>En polisi\u00e4r insats startas upp i centrala J\u00f6nk\u00f6ping med anledning av att det inkommit larm om sm\u00e4llar. Polispatruller var p\u00e5 plats inom n\u00e5gra minuter och kunde konstateras att det sm\u00e4llts sm\u00e4llare p\u00e5 platsen. Man kunde ocks\u00e5 kontrollera flera personer som befann sig vid fordon som pekats ut i samband med inkommande samtal till ledningscentralen. F\u00f6r att s\u00e4kerst\u00e4lla att ingenting annat h\u00e4nt har flera utrednings\u00e5tg\u00e4rder genomf\u00f6rts p\u00e5 platsen, bland annat genom ing\u00e5ende kontroller av personer och fordon. Det har kunnat s\u00e4kerst\u00e4llas att det r\u00f6rt sig om fyrverkerier och ingen person har skadats i samband med h\u00e4ndelsen. Fyra personer, samtliga m\u00e4n i 20-\u00e5rs\u00e5ldern \u00e4r misst\u00e4nkta f\u00f6r brott mot ordningslagen.\u00a0<\/p>\n","protected":false},"excerpt":{"rendered":"God morgon. Under natten har polisens regionledningscentral \u00f6st hanterat ett 50-tal \u00e4renden som r\u00f6r J\u00f6nk\u00f6pings l\u00e4n. I \u00f6vrigt&hellip;\n","protected":false},"author":2,"featured_media":54,"comment_status":"","ping_status":"","sticky":false,"template":"","format":"standard","meta":{"footnotes":""},"categories":[12],"tags":[22,23,26,27,17,21,24,25,28,29,15,16,18,34,31,33,32,30,19,20],"class_list":{"0":"post-120535","1":"post","2":"type-post","3":"status-publish","4":"format-standard","5":"has-post-thumbnail","7":"category-sverige","8":"tag-breaking-news","9":"tag-breakingnews","10":"tag-featured-news","11":"tag-featurednews","12":"tag-headlines","13":"tag-huvudnyheter","14":"tag-latest-news","15":"tag-latestnews","16":"tag-main-news","17":"tag-mainnews","18":"tag-news","19":"tag-nyheter","20":"tag-rubriker","21":"tag-se","22":"tag-svenska","23":"tag-sverige","24":"tag-sweden","25":"tag-swedish","26":"tag-top-stories","27":"tag-topstories"},"share_on_mastodon":{"url":"https:\/\/pubeurope.com\/@se\/115807306600266926","error":""},"_links":{"self":[{"href":"https:\/\/www.europesays.com\/se\/wp-json\/wp\/v2\/posts\/120535","targetHints":{"allow":["GET"]}}],"collection":[{"href":"https:\/\/www.europesays.com\/se\/wp-json\/wp\/v2\/posts"}],"about":[{"href":"https:\/\/www.europesays.com\/se\/wp-json\/wp\/v2\/types\/post"}],"author":[{"embeddable":true,"href":"https:\/\/www.europesays.com\/se\/wp-json\/wp\/v2\/users\/2"}],"replies":[{"embeddable":true,"href":"https:\/\/www.europesays.com\/se\/wp-json\/wp\/v2\/comments?post=120535"}],"version-history":[{"count":0,"href":"https:\/\/www.europesays.com\/se\/wp-json\/wp\/v2\/posts\/120535\/revisions"}],"wp:featuredmedia":[{"embeddable":true,"href":"https:\/\/www.europesays.com\/se\/wp-json\/wp\/v2\/media\/54"}],"wp:attachment":[{"href":"https:\/\/www.europesays.com\/se\/wp-json\/wp\/v2\/media?parent=120535"}],"wp:term":[{"taxonomy":"category","embeddable":true,"href":"https:\/\/www.europesays.com\/se\/wp-json\/wp\/v2\/categories?post=120535"},{"taxonomy":"post_tag","embeddable":true,"href":"https:\/\/www.europesays.com\/se\/wp-json\/wp\/v2\/tags?post=120535"}],"curies":[{"name":"wp","href":"https:\/\/api.w.org\/{rel}","templated":true}]}}