{"id":120536,"date":"2025-12-30T07:20:06","date_gmt":"2025-12-30T07:20:06","guid":{"rendered":"https:\/\/www.europesays.com\/se\/120536\/"},"modified":"2025-12-30T07:20:06","modified_gmt":"2025-12-30T07:20:06","slug":"30-december-08-00-sammanfattning-natt-ostergotlands-lan","status":"publish","type":"post","link":"https:\/\/www.europesays.com\/se\/120536\/","title":{"rendered":"30 december 08.00, Sammanfattning natt, \u00d6sterg\u00f6tlands l\u00e4n"},"content":{"rendered":"<p>God morgon. Under natten har polisens regionledningscentral \u00f6st hanterat ett hundratal \u00e4renden som r\u00f6r \u00d6sterg\u00f6tlands l\u00e4n. Det har fortsatt kommit in samtal om olovligt brukande av fyrverkerier. Vid 22-tiden i Motala och vid 23:30 i \u00c5tvidaberg. Ingen person \u00e4r misst\u00e4nkt f\u00f6r brott. I \u00f6vrigt har natten f\u00f6rflutit med rutin\u00e4renden i form av kontroller av personer och fordon samt trygghetsskapande arbete.\u00a0<\/p>\n<p><strong>03:20, Rattfylleri med mera, Link\u00f6ping<\/strong><br \/>En singelolycka intr\u00e4ffade p\u00e5 l\u00e4nsv\u00e4g 1032, vid Rappestad utanf\u00f6r Link\u00f6ping. En person misst\u00e4nks f\u00f6r brott efter olyckan, som slutade med att fordonet krockade in i ett tr\u00e4d och hamnade i diket. F\u00f6raren, en man under 18 \u00e5r, misst\u00e4nks f\u00f6r olovlig k\u00f6rning, rattfylleri samt tillgrepp av fortskaffningsmedel d\u00e5 han olovligt brukat fordonet. Varken f\u00f6raren eller den andra person som f\u00e4rdades i bilen skadades allvarligt.\u00a0<\/p>\n","protected":false},"excerpt":{"rendered":"God morgon. Under natten har polisens regionledningscentral \u00f6st hanterat ett hundratal \u00e4renden som r\u00f6r \u00d6sterg\u00f6tlands l\u00e4n. Det har&hellip;\n","protected":false},"author":2,"featured_media":54,"comment_status":"","ping_status":"","sticky":false,"template":"","format":"standard","meta":{"footnotes":""},"categories":[5],"tags":[22,23,26,27,17,21,24,25,28,29,15,16,18,34,31,33,32,30,19,20],"class_list":{"0":"post-120536","1":"post","2":"type-post","3":"status-publish","4":"format-standard","5":"has-post-thumbnail","7":"category-rubriker","8":"tag-breaking-news","9":"tag-breakingnews","10":"tag-featured-news","11":"tag-featurednews","12":"tag-headlines","13":"tag-huvudnyheter","14":"tag-latest-news","15":"tag-latestnews","16":"tag-main-news","17":"tag-mainnews","18":"tag-news","19":"tag-nyheter","20":"tag-rubriker","21":"tag-se","22":"tag-svenska","23":"tag-sverige","24":"tag-sweden","25":"tag-swedish","26":"tag-top-stories","27":"tag-topstories"},"share_on_mastodon":{"url":"https:\/\/pubeurope.com\/@se\/115807310461911254","error":""},"_links":{"self":[{"href":"https:\/\/www.europesays.com\/se\/wp-json\/wp\/v2\/posts\/120536","targetHints":{"allow":["GET"]}}],"collection":[{"href":"https:\/\/www.europesays.com\/se\/wp-json\/wp\/v2\/posts"}],"about":[{"href":"https:\/\/www.europesays.com\/se\/wp-json\/wp\/v2\/types\/post"}],"author":[{"embeddable":true,"href":"https:\/\/www.europesays.com\/se\/wp-json\/wp\/v2\/users\/2"}],"replies":[{"embeddable":true,"href":"https:\/\/www.europesays.com\/se\/wp-json\/wp\/v2\/comments?post=120536"}],"version-history":[{"count":0,"href":"https:\/\/www.europesays.com\/se\/wp-json\/wp\/v2\/posts\/120536\/revisions"}],"wp:featuredmedia":[{"embeddable":true,"href":"https:\/\/www.europesays.com\/se\/wp-json\/wp\/v2\/media\/54"}],"wp:attachment":[{"href":"https:\/\/www.europesays.com\/se\/wp-json\/wp\/v2\/media?parent=120536"}],"wp:term":[{"taxonomy":"category","embeddable":true,"href":"https:\/\/www.europesays.com\/se\/wp-json\/wp\/v2\/categories?post=120536"},{"taxonomy":"post_tag","embeddable":true,"href":"https:\/\/www.europesays.com\/se\/wp-json\/wp\/v2\/tags?post=120536"}],"curies":[{"name":"wp","href":"https:\/\/api.w.org\/{rel}","templated":true}]}}