{"id":120541,"date":"2025-12-30T07:28:54","date_gmt":"2025-12-30T07:28:54","guid":{"rendered":"https:\/\/www.europesays.com\/se\/120541\/"},"modified":"2025-12-30T07:28:54","modified_gmt":"2025-12-30T07:28:54","slug":"blocket-strul-ger-lyft-for-konkurrent-maste-hoja-sig","status":"publish","type":"post","link":"https:\/\/www.europesays.com\/se\/120541\/","title":{"rendered":"Blocket-strul ger lyft f\u00f6r konkurrent: \u201dM\u00e5ste h\u00f6ja sig\u201d"},"content":{"rendered":"<p>I k\u00f6lvattnet av den massiva kritik som riktats mot Blocket sedan den digitala marknadsplatsens omg\u00f6rning ser nu flera bil\u00e5terf\u00f6rs\u00e4ljare m\u00f6jligheter att ta en st\u00f6rre del av kakan, rapporterar Aftonbladet. <\/p>\n<p>Bland andra Tradera, Kvdbil och Wayke vill ta mark, varav den sistn\u00e4mnda uppger f\u00f6r tidningen att man p\u00e5 en vecka sett ett kraftigt uppsving i trafiken med 70 procent. <\/p>\n<p>Waykes vd Martin Fransson tror att marknaden kommer att luckras upp. <\/p>\n<p>\u2013 Det finns inget d\u00e5ligt med konkurrens. Det f\u00e5r effekten att alla m\u00e5ste h\u00f6ja sig och leverera b\u00e4ttre tj\u00e4nster, s\u00e4ger han. <\/p>\n<p>Omni \u00e4r politiskt obundna och oberoende. Vi str\u00e4var efter att ge fler perspektiv p\u00e5 nyheterna. Har du fr\u00e5gor eller synpunkter kring v\u00e5r rapportering? <a href=\"https:\/\/omni.se\/blocket-strul-ger-lyft-for-konkurrent-maste-hoja-sig\/a\/mailto:redaktion@omni.se\" class=\"ArticleActions_contactLink__W2F1M\" rel=\"nofollow noopener\" target=\"_blank\">Kontakta redaktionen<\/a><\/p>\n","protected":false},"excerpt":{"rendered":"I k\u00f6lvattnet av den massiva kritik som riktats mot Blocket sedan den digitala marknadsplatsens omg\u00f6rning ser nu flera&hellip;\n","protected":false},"author":2,"featured_media":120542,"comment_status":"","ping_status":"","sticky":false,"template":"","format":"standard","meta":{"footnotes":""},"categories":[65],"tags":[9621,72,952,70,71,1269,34,31,33,32,30,2493],"class_list":{"0":"post-120541","1":"post","2":"type-post","3":"status-publish","4":"format-standard","5":"has-post-thumbnail","7":"category-ekonomi","8":"tag-blocket","9":"tag-business","10":"tag-detaljhandel","11":"tag-economy","12":"tag-ekonomi","13":"tag-sallankopshandel","14":"tag-se","15":"tag-svenska","16":"tag-sverige","17":"tag-sweden","18":"tag-swedish","19":"tag-tradera"},"share_on_mastodon":{"url":"https:\/\/pubeurope.com\/@se\/115807345854864956","error":""},"_links":{"self":[{"href":"https:\/\/www.europesays.com\/se\/wp-json\/wp\/v2\/posts\/120541","targetHints":{"allow":["GET"]}}],"collection":[{"href":"https:\/\/www.europesays.com\/se\/wp-json\/wp\/v2\/posts"}],"about":[{"href":"https:\/\/www.europesays.com\/se\/wp-json\/wp\/v2\/types\/post"}],"author":[{"embeddable":true,"href":"https:\/\/www.europesays.com\/se\/wp-json\/wp\/v2\/users\/2"}],"replies":[{"embeddable":true,"href":"https:\/\/www.europesays.com\/se\/wp-json\/wp\/v2\/comments?post=120541"}],"version-history":[{"count":0,"href":"https:\/\/www.europesays.com\/se\/wp-json\/wp\/v2\/posts\/120541\/revisions"}],"wp:featuredmedia":[{"embeddable":true,"href":"https:\/\/www.europesays.com\/se\/wp-json\/wp\/v2\/media\/120542"}],"wp:attachment":[{"href":"https:\/\/www.europesays.com\/se\/wp-json\/wp\/v2\/media?parent=120541"}],"wp:term":[{"taxonomy":"category","embeddable":true,"href":"https:\/\/www.europesays.com\/se\/wp-json\/wp\/v2\/categories?post=120541"},{"taxonomy":"post_tag","embeddable":true,"href":"https:\/\/www.europesays.com\/se\/wp-json\/wp\/v2\/tags?post=120541"}],"curies":[{"name":"wp","href":"https:\/\/api.w.org\/{rel}","templated":true}]}}