{"id":120543,"date":"2025-12-30T07:30:25","date_gmt":"2025-12-30T07:30:25","guid":{"rendered":"https:\/\/www.europesays.com\/se\/120543\/"},"modified":"2025-12-30T07:30:25","modified_gmt":"2025-12-30T07:30:25","slug":"morklaggning-hemlighetsmakeri-eller-bristande-ledarskap-s-hantering-av-jarnvagsfragan-ar-oacceptabel","status":"publish","type":"post","link":"https:\/\/www.europesays.com\/se\/120543\/","title":{"rendered":"M\u00f6rkl\u00e4ggning, hemlighetsmakeri eller bristande ledarskap? S hantering av j\u00e4rnv\u00e4gsfr\u00e5gan \u00e4r oacceptabel"},"content":{"rendered":"<p>\t\t\t<img decoding=\"async\" src=\"https:\/\/www.europesays.com\/se\/wp-content\/uploads\/2025\/12\/1767079825_438_debatt-genre-190210-ettan-768x177.jpg\"   class=\"srcset block-text-image__img\" alt=\"\"\/><\/p>\n<p class=\"p1\">\u00c4nd\u00e5 v\u00e4ljer man att agera sent omsider och kalla det \u201dbr\u00e5dskande\u201d, och dessutom som det verkar underst\u00f6tt av Gert Jonsson och v\u00e5r kanslichef. Detta \u00e4r inte trov\u00e4rdigt. Detta \u00e4r inte ett verktyg f\u00f6r att undvika debatt. H\u00e4r har man haft m\u00e5nader p\u00e5 sig att skicka ut underlaget till partigrupperna och l\u00e5ta kommunstyrelsen fatta beslut.<\/p>\n<p class=\"p1\">Enligt kommunens reglemente och riktlinjer skall fr\u00e5gor r\u00f6rande infrastruktur hanteras av kommunstyrelsen.<\/p>\n<p class=\"p1\">Remisstiden g\u00e5r ut den 30 december. Att h\u00e4vda br\u00e5dska efter tv\u00e5 m\u00e5naders passivitet \u00e4r ett direkt \u00e4r ett allvarligt brott mot demokratins anda.<\/p>\n<p class=\"p1\">Det v\u00e4cker en obekv\u00e4m fr\u00e5ga: <b>Varf\u00f6r vill (S) undvika en \u00f6ppen politisk diskussion om j\u00e4rnv\u00e4gsfr\u00e5gan? \u00c4r det m\u00f6rkl\u00e4ggning, eller \u00e4r det ren okunskap?<\/b><b\/><\/p>\n<p class=\"p1\">\u00c4n mer anm\u00e4rkningsv\u00e4rt blir det n\u00e4r undertecknad som f\u00f6rst fr\u00e5gade om detta i november, f\u00f6rst den 12 december f\u00e5r reda p\u00e5 att det finns ett ordf\u00f6randebeslut. H\u00e4r meddelas dessutom att man t\u00e4nker offentligg\u00f6ra detta i mitten av januari det vill s\u00e4ga efter det att remisstiden g\u00e5tt ut. Som om detta inte vore nog har kommunstyrelsens ordf\u00f6rande dessutom misslyckats med att skicka remissvaret till r\u00e4tt instans. I st\u00e4llet f\u00f6r staten \u2013 som \u00e4r den formella mottagaren \u2013 skickades svaret till regionen.<\/p>\n<p class=\"p1\">Och detta \u00e4r inte en eng\u00e5ngsf\u00f6reteelse. Under de senaste tv\u00e5 \u00e5ren har vi sett samma m\u00f6nster upprepas g\u00e5ng p\u00e5 g\u00e5ng: viktiga fr\u00e5gor hanteras bakom st\u00e4ngda d\u00f6rrar i st\u00e4llet f\u00f6r att tas upp i kommunstyrelsen. Det \u00e4r ett systematiskt s\u00e4tt att kringg\u00e5 insyn och ansvar.<\/p>\n<p class=\"p1\">Fr\u00e5gan kan beh\u00f6va anm\u00e4las till en tillsynsmyndighet eller granskas av en instans som s\u00e4kerst\u00e4ller att lagar och regler f\u00f6ljs. Ansvar b\u00f6r utkr\u00e4vas \u2013 f\u00f6r demokratins skull.<\/p>\n<p class=\"p1\">Demokratin kr\u00e4ver transparens och respekt f\u00f6r beslutsprocessen. N\u00e4r viktiga fr\u00e5gor hanteras bakom st\u00e4ngda d\u00f6rrar under f\u00f6rev\u00e4ndning av br\u00e5dska, riskerar vi att urholka f\u00f6rtroendet f\u00f6r politiken. Vi kr\u00e4ver att denna typ av hantering upph\u00f6r och att kommunstyrelsen tar sitt ansvar som beslutsfattande organ.<\/p>\n<p class=\"p1\">\u00c5terkommer i sakfr\u00e5gan i annan artikel om det remissvar som vi l\u00e4mnar in.<\/p>\n<p class=\"p1\"><strong>Thomas Axelsson (KD)<\/strong><\/p>\n","protected":false},"excerpt":{"rendered":"\u00c4nd\u00e5 v\u00e4ljer man att agera sent omsider och kalla det \u201dbr\u00e5dskande\u201d, och dessutom som det verkar underst\u00f6tt av&hellip;\n","protected":false},"author":2,"featured_media":98548,"comment_status":"","ping_status":"","sticky":false,"template":"","format":"standard","meta":{"footnotes":""},"categories":[12],"tags":[22,23,26,27,17,21,24,25,28,29,15,16,18,34,31,33,32,30,19,20],"class_list":{"0":"post-120543","1":"post","2":"type-post","3":"status-publish","4":"format-standard","5":"has-post-thumbnail","7":"category-sverige","8":"tag-breaking-news","9":"tag-breakingnews","10":"tag-featured-news","11":"tag-featurednews","12":"tag-headlines","13":"tag-huvudnyheter","14":"tag-latest-news","15":"tag-latestnews","16":"tag-main-news","17":"tag-mainnews","18":"tag-news","19":"tag-nyheter","20":"tag-rubriker","21":"tag-se","22":"tag-svenska","23":"tag-sverige","24":"tag-sweden","25":"tag-swedish","26":"tag-top-stories","27":"tag-topstories"},"share_on_mastodon":{"url":"https:\/\/pubeurope.com\/@se\/115807349834928543","error":""},"_links":{"self":[{"href":"https:\/\/www.europesays.com\/se\/wp-json\/wp\/v2\/posts\/120543","targetHints":{"allow":["GET"]}}],"collection":[{"href":"https:\/\/www.europesays.com\/se\/wp-json\/wp\/v2\/posts"}],"about":[{"href":"https:\/\/www.europesays.com\/se\/wp-json\/wp\/v2\/types\/post"}],"author":[{"embeddable":true,"href":"https:\/\/www.europesays.com\/se\/wp-json\/wp\/v2\/users\/2"}],"replies":[{"embeddable":true,"href":"https:\/\/www.europesays.com\/se\/wp-json\/wp\/v2\/comments?post=120543"}],"version-history":[{"count":0,"href":"https:\/\/www.europesays.com\/se\/wp-json\/wp\/v2\/posts\/120543\/revisions"}],"wp:featuredmedia":[{"embeddable":true,"href":"https:\/\/www.europesays.com\/se\/wp-json\/wp\/v2\/media\/98548"}],"wp:attachment":[{"href":"https:\/\/www.europesays.com\/se\/wp-json\/wp\/v2\/media?parent=120543"}],"wp:term":[{"taxonomy":"category","embeddable":true,"href":"https:\/\/www.europesays.com\/se\/wp-json\/wp\/v2\/categories?post=120543"},{"taxonomy":"post_tag","embeddable":true,"href":"https:\/\/www.europesays.com\/se\/wp-json\/wp\/v2\/tags?post=120543"}],"curies":[{"name":"wp","href":"https:\/\/api.w.org\/{rel}","templated":true}]}}