{"id":120544,"date":"2025-12-30T07:31:50","date_gmt":"2025-12-30T07:31:50","guid":{"rendered":"https:\/\/www.europesays.com\/se\/120544\/"},"modified":"2025-12-30T07:31:50","modified_gmt":"2025-12-30T07:31:50","slug":"bondi-anhoriga-kraver-utredning","status":"publish","type":"post","link":"https:\/\/www.europesays.com\/se\/120544\/","title":{"rendered":"Bondi-anh\u00f6riga kr\u00e4ver utredning"},"content":{"rendered":"<p>Kravet kommer fr\u00e5n 17 familjer med anh\u00f6riga som skadades eller d\u00f6dades n\u00e4r tv\u00e5 m\u00e4n \u00f6ppnade eld mot ett chanukka-firande p\u00e5 den ber\u00f6mda stranden i Sydney.<\/p>\n<p>De anh\u00f6riga kr\u00e4ver en oberoende utredning \u2013 en s\u00e5 kallad royal commission \u2013 p\u00e5 nationell niv\u00e5 av \u201dden snabbt \u00f6kande antisemitismen\u201d sedan Hamas terrorattack 7 oktober 2023 och \u201dbristerna inom brottsbek\u00e4mpning, underr\u00e4ttelseverksamhet och politik\u201d som ledde till attacken p\u00e5 Bondi Beach.<\/p>\n","protected":false},"excerpt":{"rendered":"Kravet kommer fr\u00e5n 17 familjer med anh\u00f6riga som skadades eller d\u00f6dades n\u00e4r tv\u00e5 m\u00e4n \u00f6ppnade eld mot ett&hellip;\n","protected":false},"author":2,"featured_media":120545,"comment_status":"","ping_status":"","sticky":false,"template":"","format":"standard","meta":{"footnotes":""},"categories":[5],"tags":[22,23,26,27,17,21,24,25,28,29,15,16,18,34,31,33,32,30,19,20],"class_list":{"0":"post-120544","1":"post","2":"type-post","3":"status-publish","4":"format-standard","5":"has-post-thumbnail","7":"category-rubriker","8":"tag-breaking-news","9":"tag-breakingnews","10":"tag-featured-news","11":"tag-featurednews","12":"tag-headlines","13":"tag-huvudnyheter","14":"tag-latest-news","15":"tag-latestnews","16":"tag-main-news","17":"tag-mainnews","18":"tag-news","19":"tag-nyheter","20":"tag-rubriker","21":"tag-se","22":"tag-svenska","23":"tag-sverige","24":"tag-sweden","25":"tag-swedish","26":"tag-top-stories","27":"tag-topstories"},"share_on_mastodon":{"url":"https:\/\/pubeurope.com\/@se\/115807357698289988","error":""},"_links":{"self":[{"href":"https:\/\/www.europesays.com\/se\/wp-json\/wp\/v2\/posts\/120544","targetHints":{"allow":["GET"]}}],"collection":[{"href":"https:\/\/www.europesays.com\/se\/wp-json\/wp\/v2\/posts"}],"about":[{"href":"https:\/\/www.europesays.com\/se\/wp-json\/wp\/v2\/types\/post"}],"author":[{"embeddable":true,"href":"https:\/\/www.europesays.com\/se\/wp-json\/wp\/v2\/users\/2"}],"replies":[{"embeddable":true,"href":"https:\/\/www.europesays.com\/se\/wp-json\/wp\/v2\/comments?post=120544"}],"version-history":[{"count":0,"href":"https:\/\/www.europesays.com\/se\/wp-json\/wp\/v2\/posts\/120544\/revisions"}],"wp:featuredmedia":[{"embeddable":true,"href":"https:\/\/www.europesays.com\/se\/wp-json\/wp\/v2\/media\/120545"}],"wp:attachment":[{"href":"https:\/\/www.europesays.com\/se\/wp-json\/wp\/v2\/media?parent=120544"}],"wp:term":[{"taxonomy":"category","embeddable":true,"href":"https:\/\/www.europesays.com\/se\/wp-json\/wp\/v2\/categories?post=120544"},{"taxonomy":"post_tag","embeddable":true,"href":"https:\/\/www.europesays.com\/se\/wp-json\/wp\/v2\/tags?post=120544"}],"curies":[{"name":"wp","href":"https:\/\/api.w.org\/{rel}","templated":true}]}}