{"id":120547,"date":"2025-12-30T07:40:23","date_gmt":"2025-12-30T07:40:23","guid":{"rendered":"https:\/\/www.europesays.com\/se\/120547\/"},"modified":"2025-12-30T07:40:23","modified_gmt":"2025-12-30T07:40:23","slug":"saudiarabien-bombar-stad-i-jemen-2","status":"publish","type":"post","link":"https:\/\/www.europesays.com\/se\/120547\/","title":{"rendered":"Saudiarabien bombar stad i Jemen"},"content":{"rendered":"<p>H\u00e4ndelsen ses som en kraftig upptrappning i sp\u00e4nningarna mellan Saudiarabien och F\u00f6renade arabemiraten. Enligt den statliga saudiska nyhetsbyr\u00e5n SPA r\u00f6r det sig om en \u201dbegr\u00e4nsad milit\u00e4r insats\u201d f\u00f6r att oskadligg\u00f6ra materiel som lossats fr\u00e5n tv\u00e5 fartyg.<\/p>\n<p>Efter attacken har det jemenitiska presidentr\u00e5det utlyst undantagstillst\u00e5nd i 90 dagar. Dessutom st\u00e4ngs gr\u00e4nspassager och inresor med flyg och via hamnar i vissa omr\u00e5den i tre dygn. <\/p>\n<p>Samtidigt upph\u00e4vdes ett f\u00f6rsvarsavtal med F\u00f6renade arabemiraten. <\/p>\n<p>Den jemenitiska regeringen, som erk\u00e4nns av det internationella samfundet som landets legitima styre, h\u00e5ller Saudiarabien som sin huvudsakliga allierade.<\/p>\n<p>Inb\u00f6rdeskriget har rasat i Jemen i mer \u00e4n ett \u00e5rtionde.<\/p>\n<p>F\u00f6renade arabemiraten har \u00e4n s\u00e5 l\u00e4nge inte kommenterat h\u00e4ndelsen.<\/p>\n","protected":false},"excerpt":{"rendered":"H\u00e4ndelsen ses som en kraftig upptrappning i sp\u00e4nningarna mellan Saudiarabien och F\u00f6renade arabemiraten. Enligt den statliga saudiska nyhetsbyr\u00e5n&hellip;\n","protected":false},"author":2,"featured_media":120548,"comment_status":"","ping_status":"","sticky":false,"template":"","format":"standard","meta":{"footnotes":""},"categories":[5],"tags":[22,23,26,27,17,21,24,25,28,29,15,16,18,34,31,33,32,30,19,20],"class_list":{"0":"post-120547","1":"post","2":"type-post","3":"status-publish","4":"format-standard","5":"has-post-thumbnail","7":"category-rubriker","8":"tag-breaking-news","9":"tag-breakingnews","10":"tag-featured-news","11":"tag-featurednews","12":"tag-headlines","13":"tag-huvudnyheter","14":"tag-latest-news","15":"tag-latestnews","16":"tag-main-news","17":"tag-mainnews","18":"tag-news","19":"tag-nyheter","20":"tag-rubriker","21":"tag-se","22":"tag-svenska","23":"tag-sverige","24":"tag-sweden","25":"tag-swedish","26":"tag-top-stories","27":"tag-topstories"},"share_on_mastodon":{"url":"https:\/\/pubeurope.com\/@se\/115807389111777645","error":""},"_links":{"self":[{"href":"https:\/\/www.europesays.com\/se\/wp-json\/wp\/v2\/posts\/120547","targetHints":{"allow":["GET"]}}],"collection":[{"href":"https:\/\/www.europesays.com\/se\/wp-json\/wp\/v2\/posts"}],"about":[{"href":"https:\/\/www.europesays.com\/se\/wp-json\/wp\/v2\/types\/post"}],"author":[{"embeddable":true,"href":"https:\/\/www.europesays.com\/se\/wp-json\/wp\/v2\/users\/2"}],"replies":[{"embeddable":true,"href":"https:\/\/www.europesays.com\/se\/wp-json\/wp\/v2\/comments?post=120547"}],"version-history":[{"count":0,"href":"https:\/\/www.europesays.com\/se\/wp-json\/wp\/v2\/posts\/120547\/revisions"}],"wp:featuredmedia":[{"embeddable":true,"href":"https:\/\/www.europesays.com\/se\/wp-json\/wp\/v2\/media\/120548"}],"wp:attachment":[{"href":"https:\/\/www.europesays.com\/se\/wp-json\/wp\/v2\/media?parent=120547"}],"wp:term":[{"taxonomy":"category","embeddable":true,"href":"https:\/\/www.europesays.com\/se\/wp-json\/wp\/v2\/categories?post=120547"},{"taxonomy":"post_tag","embeddable":true,"href":"https:\/\/www.europesays.com\/se\/wp-json\/wp\/v2\/tags?post=120547"}],"curies":[{"name":"wp","href":"https:\/\/api.w.org\/{rel}","templated":true}]}}