{"id":120549,"date":"2025-12-30T07:42:11","date_gmt":"2025-12-30T07:42:11","guid":{"rendered":"https:\/\/www.europesays.com\/se\/120549\/"},"modified":"2025-12-30T07:42:11","modified_gmt":"2025-12-30T07:42:11","slug":"kramkalas-och-stor-gladje-nar-vh-vann-skont-studsa-tillbaka-vimmerby-tidning","status":"publish","type":"post","link":"https:\/\/www.europesays.com\/se\/120549\/","title":{"rendered":"Kramkalas och stor gl\u00e4dje n\u00e4r VH vann: &quot;Sk\u00f6nt studsa tillbaka&quot; &#8211; Vimmerby Tidning"},"content":{"rendered":"<ol>\n<li><a href=\"https:\/\/news.google.com\/rss\/articles\/CBMipAFBVV95cUxNaUZuWk9KZU9GbTVjcjQ2ay1HdER4c0ZqU1drOVN6b1JHenVkdXZ3eUFmZUtSUTZia1o3Ylh0X21xaGdnNFVYSjhqTTVmOFMtcHZsdWNXV1V3T3NMR2dOSTlaMXluZ1ZKdkQtbnYwejFkX01qQlRLc1F1RnZ4VTh2WmNnR3kxcUl1dXBOMUZRb2dRSzYwckR5QnZmY2RLLWMtWndxOQ?oc=5\" target=\"_blank\" rel=\"nofollow noopener\">Kramkalas och stor gl\u00e4dje n\u00e4r VH vann: &#8221;Sk\u00f6nt studsa tillbaka&#8221;<\/a>&nbsp;&nbsp;Vimmerby Tidning<\/li>\n<li><a href=\"https:\/\/news.google.com\/rss\/articles\/CBMiwwFBVV95cUxOUFZrMVdIVVJiQUNyQTQxc045QWp5YzR3ZTg0RVNLZ2dzeU40V1JPQ0RaR1JKTDVhTE5sREhBMDBIYjc5NTdTQmF6N1FxNENzQ1RMcEJlOFU3OEQ2c0VaQ2Q0Wk9SU1F4M0hUY1NFQTB1ZXlQNW15UHhNeGdyRU5Wb2ZiSnMzOXpsTll4TWNMMmVHMC1aS3BEVnYwU1pSN0FPb3BsN1BERVZvS3hHTDhGWHN0MTR0Y0E5SllJcHdpQWMtZG8?oc=5\" target=\"_blank\" rel=\"nofollow noopener\">Vimmerby vinnare i superviktiga matchen \u2013 tre m\u00e5l p\u00e5 46 sekunder!<\/a>&nbsp;&nbsp;Vimmerby Tidning<\/li>\n<li><a href=\"https:\/\/news.google.com\/rss\/articles\/CBMif0FVX3lxTE8yZDFQM0dNbXNmc29XZkFIU2FlXzRWUlhNOEJ4Vk5UYWdoYXllal9wYWdUa3RuNmZ2OTJNMzlRX3l2NWN0bHliOGFjSFRkSUYzNjdlRDdxaE91ZmtHdkliZnRQMkYxdy1KU2RXZjNfMUcxMFNfQnhXenI4U2Frenc?oc=5\" target=\"_blank\" rel=\"nofollow noopener\">Sportchefen om \u00f6desbesluten: &#8221;Ska best\u00e4mma oss&#8221;<\/a>&nbsp;&nbsp;HockeyNews<\/li>\n<li><a href=\"https:\/\/news.google.com\/rss\/articles\/CBMijwFBVV95cUxOOTV3U2RZcWctZ01RM3p1aDBfcm1LQzFfOGYwUnMtdHJMdjMyTmJVaWVObnJSVFNaQ2NpZEZEUml3dElHeTZuSkVZWHVfZlU4VnROT1lnQUJBdjBqUi10ZXBMaUF1cURZX3N0QlBOVUhuc0Rubks4aVNfQnVPQTZGbm5XZmkwUk9sN1BGMXQ0UQ?oc=5\" target=\"_blank\" rel=\"nofollow noopener\">Anton Gradin och Allan Mcshane m\u00e5lskyttar i Troja-Ljungbys f\u00f6rlust<\/a>&nbsp;&nbsp;Sm\u00e5landsposten<\/li>\n<li><a href=\"https:\/\/news.google.com\/rss\/articles\/CBMid0FVX3lxTE1mNG9SSEU2enF2OTA5cTR4OFliUEE5NF9YLWp6VVJLXzA3TUQ4dG9ZWTlQNy1KTzdDOGRfNXVYeXZRQnJmTFZlTGhXbFROV215Smg5VG12Ym1pVWxIWnptSExIQ1FSUkwtWEpaOGljNmZnMnRqTE5z?oc=5\" target=\"_blank\" rel=\"nofollow noopener\">F\u00f6rlustsviten bruten f\u00f6r Vimmerby<\/a>&nbsp;&nbsp;V\u00e4sterbottens-Kuriren<\/li>\n<\/ol>\n","protected":false},"excerpt":{"rendered":"Kramkalas och stor gl\u00e4dje n\u00e4r VH vann: &#8221;Sk\u00f6nt studsa tillbaka&#8221;&nbsp;&nbsp;Vimmerby Tidning Vimmerby vinnare i superviktiga matchen \u2013 tre&hellip;\n","protected":false},"author":2,"featured_media":120550,"comment_status":"","ping_status":"","sticky":false,"template":"","format":"standard","meta":{"footnotes":""},"categories":[68],"tags":[34,111,110,31,33,32,30],"class_list":{"0":"post-120549","1":"post","2":"type-post","3":"status-publish","4":"format-standard","5":"has-post-thumbnail","7":"category-sport","8":"tag-se","9":"tag-sport","10":"tag-sports","11":"tag-svenska","12":"tag-sverige","13":"tag-sweden","14":"tag-swedish"},"share_on_mastodon":{"url":"https:\/\/pubeurope.com\/@se\/115807396972472081","error":""},"_links":{"self":[{"href":"https:\/\/www.europesays.com\/se\/wp-json\/wp\/v2\/posts\/120549","targetHints":{"allow":["GET"]}}],"collection":[{"href":"https:\/\/www.europesays.com\/se\/wp-json\/wp\/v2\/posts"}],"about":[{"href":"https:\/\/www.europesays.com\/se\/wp-json\/wp\/v2\/types\/post"}],"author":[{"embeddable":true,"href":"https:\/\/www.europesays.com\/se\/wp-json\/wp\/v2\/users\/2"}],"replies":[{"embeddable":true,"href":"https:\/\/www.europesays.com\/se\/wp-json\/wp\/v2\/comments?post=120549"}],"version-history":[{"count":0,"href":"https:\/\/www.europesays.com\/se\/wp-json\/wp\/v2\/posts\/120549\/revisions"}],"wp:featuredmedia":[{"embeddable":true,"href":"https:\/\/www.europesays.com\/se\/wp-json\/wp\/v2\/media\/120550"}],"wp:attachment":[{"href":"https:\/\/www.europesays.com\/se\/wp-json\/wp\/v2\/media?parent=120549"}],"wp:term":[{"taxonomy":"category","embeddable":true,"href":"https:\/\/www.europesays.com\/se\/wp-json\/wp\/v2\/categories?post=120549"},{"taxonomy":"post_tag","embeddable":true,"href":"https:\/\/www.europesays.com\/se\/wp-json\/wp\/v2\/tags?post=120549"}],"curies":[{"name":"wp","href":"https:\/\/api.w.org\/{rel}","templated":true}]}}