{"id":120553,"date":"2025-12-30T07:50:33","date_gmt":"2025-12-30T07:50:33","guid":{"rendered":"https:\/\/www.europesays.com\/se\/120553\/"},"modified":"2025-12-30T07:50:33","modified_gmt":"2025-12-30T07:50:33","slug":"frolunda-jagar-elfte-raka-fbks-plan-for-att-stoppa-seriesuveranen-passar-oss-nwt","status":"publish","type":"post","link":"https:\/\/www.europesays.com\/se\/120553\/","title":{"rendered":"Fr\u00f6lunda jagar elfte raka \u2013 FBK:s plan f\u00f6r att stoppa seriesuver\u00e4nen: \u201dPassar oss\u201d &#8211; NWT"},"content":{"rendered":"<ol>\n<li><a href=\"https:\/\/news.google.com\/rss\/articles\/CBMiswFBVV95cUxOT3hfNklnOUlmXzJGdVh2UWpEeExKVFVBNnBHYUFqZWlFem5nc0haTzFDTTBaRmJxaVBrMmlVZFV5QUl2cnRlUklwbE1CZzgzNjdMaEtwRU1ZeENZWXMwME1NT3FWMXA4MExXN3J3U0dVclZLdEpBU1pVeUhuT1NyOG4xMTc2dUlJS0xBUE5sMXFyS3ZxRzNId1RUWG9MNXpja1pFTmJHTGhlUkw5SU4yZjM5QQ?oc=5\" target=\"_blank\" rel=\"nofollow noopener\">Fr\u00f6lunda jagar elfte raka \u2013 FBK:s plan f\u00f6r att stoppa seriesuver\u00e4nen: \u201dPassar oss\u201d<\/a>&nbsp;&nbsp;NWT<\/li>\n<li><a href=\"https:\/\/news.google.com\/rss\/articles\/CBMiugFBVV95cUxNQ1huak5kRVltNzBEX1AtVHpVWUljMTNmQTBJeDZFb0RLcGlFUmRTN05ON2ZNekdseThUby1la1p6bHVqSnlPSmFuVzItbFozZjdWQ0RSMkhfQWQ2RDhOa1RZSW5kQ3RZRWl6R0psZjdUMi1QSWFIaURrbmtFUkxWN0h3M3RLQTJtZURvb3l6TmNOYWx3clBmOXhjTGNick1yVEdSZ0FJYXJfck5ZTC1pYlNra3dGOVhSbmc?oc=5\" target=\"_blank\" rel=\"nofollow noopener\">Ingen kapten mot Fr\u00f6lunda \u2013 J\u00f6nsson ser topplaget som passande motst\u00e5nd: \u201dSpela modigt\u201d<\/a>&nbsp;&nbsp;VF<\/li>\n<li><a href=\"https:\/\/news.google.com\/rss\/articles\/CBMikwFBVV95cUxNVGFtWGJBR3NFWV9hQm90MS0wSlhpOEdja0pJVFNUbTZVam1HYzdyd2dDRGlFOGZoNXhSRWRQZjZnbUFMZ3lGOVZFSVZBcWZoQjMyanBiMkhZR0NKTWNQMjhZdDNXZFVKRUl4dVpLaWZ5SVBFMUtIbnpyMVlqMVpaOFc5dHVKZmI4WFNDck5WY0JuQnM?oc=5\" target=\"_blank\" rel=\"nofollow noopener\">Morning Mailbag 251230 \u2013 ni st\u00e4ller fr\u00e5gorna, jag f\u00f6rs\u00f6ker ge svaren<\/a>&nbsp;&nbsp;rakapuckar.com<\/li>\n<li><a href=\"https:\/\/news.google.com\/rss\/articles\/CBMiakFVX3lxTE9yUmNuX1g4aWRFMDJ2d2VsS2ZDNi1PWjFQSkJaUmxJQVZzZVQ4X1JEeGdsckhtOHBuUllOczBfMldPSzB2b1dKd3k1ekoyZE8xWXJuZHBPUGFtVjlFdmg4cWs1SHN6X0lUdEE?oc=5\" target=\"_blank\" rel=\"nofollow noopener\">Speltips: Fr\u00f6lunda HC- F\u00e4rjestad BK 30\/12 &#8221;Rivalm\u00f6te i Scandinavium!&#8221;<\/a>&nbsp;&nbsp;Bettingstugan.se<\/li>\n<\/ol>\n","protected":false},"excerpt":{"rendered":"Fr\u00f6lunda jagar elfte raka \u2013 FBK:s plan f\u00f6r att stoppa seriesuver\u00e4nen: \u201dPassar oss\u201d&nbsp;&nbsp;NWT Ingen kapten mot Fr\u00f6lunda \u2013&hellip;\n","protected":false},"author":2,"featured_media":120554,"comment_status":"","ping_status":"","sticky":false,"template":"","format":"standard","meta":{"footnotes":""},"categories":[68],"tags":[34,111,110,31,33,32,30],"class_list":{"0":"post-120553","1":"post","2":"type-post","3":"status-publish","4":"format-standard","5":"has-post-thumbnail","7":"category-sport","8":"tag-se","9":"tag-sport","10":"tag-sports","11":"tag-svenska","12":"tag-sverige","13":"tag-sweden","14":"tag-swedish"},"share_on_mastodon":{"url":"https:\/\/pubeurope.com\/@se\/115807428440742089","error":""},"_links":{"self":[{"href":"https:\/\/www.europesays.com\/se\/wp-json\/wp\/v2\/posts\/120553","targetHints":{"allow":["GET"]}}],"collection":[{"href":"https:\/\/www.europesays.com\/se\/wp-json\/wp\/v2\/posts"}],"about":[{"href":"https:\/\/www.europesays.com\/se\/wp-json\/wp\/v2\/types\/post"}],"author":[{"embeddable":true,"href":"https:\/\/www.europesays.com\/se\/wp-json\/wp\/v2\/users\/2"}],"replies":[{"embeddable":true,"href":"https:\/\/www.europesays.com\/se\/wp-json\/wp\/v2\/comments?post=120553"}],"version-history":[{"count":0,"href":"https:\/\/www.europesays.com\/se\/wp-json\/wp\/v2\/posts\/120553\/revisions"}],"wp:featuredmedia":[{"embeddable":true,"href":"https:\/\/www.europesays.com\/se\/wp-json\/wp\/v2\/media\/120554"}],"wp:attachment":[{"href":"https:\/\/www.europesays.com\/se\/wp-json\/wp\/v2\/media?parent=120553"}],"wp:term":[{"taxonomy":"category","embeddable":true,"href":"https:\/\/www.europesays.com\/se\/wp-json\/wp\/v2\/categories?post=120553"},{"taxonomy":"post_tag","embeddable":true,"href":"https:\/\/www.europesays.com\/se\/wp-json\/wp\/v2\/tags?post=120553"}],"curies":[{"name":"wp","href":"https:\/\/api.w.org\/{rel}","templated":true}]}}