{"id":120555,"date":"2025-12-30T07:53:14","date_gmt":"2025-12-30T07:53:14","guid":{"rendered":"https:\/\/www.europesays.com\/se\/120555\/"},"modified":"2025-12-30T07:53:14","modified_gmt":"2025-12-30T07:53:14","slug":"fler-ska-fa-fritidskortet-nasta-ar","status":"publish","type":"post","link":"https:\/\/www.europesays.com\/se\/120555\/","title":{"rendered":"Fler ska f\u00e5 fritidskortet n\u00e4sta \u00e5r"},"content":{"rendered":"<p class=\"ingress has-wordExplanation\">Fritidskortet inneb\u00e4r att f\u00f6r\u00e4ldrar f\u00e5r hj\u00e4lp att betala kostnaderna f\u00f6r sina barns fritidsaktiviteter, som idrott och kultur. Nu ska fler f\u00e5 tillg\u00e5ng. Beloppet f\u00f6r fritidskortet ska h\u00f6jas och yngre barn \u00e4n nu ska f\u00e5 ta del av bidraget.<\/p>\n<p>Fr\u00e5n och med den 5 januari 2026 h\u00f6js beloppet till 550 kronor per barn och kalender\u00e5r. Det s\u00e4rskilda fritidskortet, f\u00f6r barn i ekonomiska utsatta hush\u00e5ll \u00f6kar till 2\u202f500 kronor, meddelar regeringen i ett pressmeddelande.<\/p>\n<p>Fritidskortet kommer att omfatta barn fr\u00e5n det \u00e5r barnet fyller sju \u00e5r tills det \u00e4r 16 \u00e5r. Tidigare g\u00e4llde st\u00f6det fr\u00e5n och med \u00e5tta \u00e5rs \u00e5lder.<\/p>\n","protected":false},"excerpt":{"rendered":"Fritidskortet inneb\u00e4r att f\u00f6r\u00e4ldrar f\u00e5r hj\u00e4lp att betala kostnaderna f\u00f6r sina barns fritidsaktiviteter, som idrott och kultur. Nu&hellip;\n","protected":false},"author":2,"featured_media":120556,"comment_status":"","ping_status":"","sticky":false,"template":"","format":"standard","meta":{"footnotes":""},"categories":[65],"tags":[72,70,71,34,31,33,32,30],"class_list":{"0":"post-120555","1":"post","2":"type-post","3":"status-publish","4":"format-standard","5":"has-post-thumbnail","7":"category-ekonomi","8":"tag-business","9":"tag-economy","10":"tag-ekonomi","11":"tag-se","12":"tag-svenska","13":"tag-sverige","14":"tag-sweden","15":"tag-swedish"},"share_on_mastodon":{"url":"https:\/\/pubeurope.com\/@se\/115807440310731958","error":""},"_links":{"self":[{"href":"https:\/\/www.europesays.com\/se\/wp-json\/wp\/v2\/posts\/120555","targetHints":{"allow":["GET"]}}],"collection":[{"href":"https:\/\/www.europesays.com\/se\/wp-json\/wp\/v2\/posts"}],"about":[{"href":"https:\/\/www.europesays.com\/se\/wp-json\/wp\/v2\/types\/post"}],"author":[{"embeddable":true,"href":"https:\/\/www.europesays.com\/se\/wp-json\/wp\/v2\/users\/2"}],"replies":[{"embeddable":true,"href":"https:\/\/www.europesays.com\/se\/wp-json\/wp\/v2\/comments?post=120555"}],"version-history":[{"count":0,"href":"https:\/\/www.europesays.com\/se\/wp-json\/wp\/v2\/posts\/120555\/revisions"}],"wp:featuredmedia":[{"embeddable":true,"href":"https:\/\/www.europesays.com\/se\/wp-json\/wp\/v2\/media\/120556"}],"wp:attachment":[{"href":"https:\/\/www.europesays.com\/se\/wp-json\/wp\/v2\/media?parent=120555"}],"wp:term":[{"taxonomy":"category","embeddable":true,"href":"https:\/\/www.europesays.com\/se\/wp-json\/wp\/v2\/categories?post=120555"},{"taxonomy":"post_tag","embeddable":true,"href":"https:\/\/www.europesays.com\/se\/wp-json\/wp\/v2\/tags?post=120555"}],"curies":[{"name":"wp","href":"https:\/\/api.w.org\/{rel}","templated":true}]}}