{"id":120557,"date":"2025-12-30T07:54:06","date_gmt":"2025-12-30T07:54:06","guid":{"rendered":"https:\/\/www.europesays.com\/se\/120557\/"},"modified":"2025-12-30T07:54:06","modified_gmt":"2025-12-30T07:54:06","slug":"uppgifter-cia-anfoll-hamn-i-venezuela","status":"publish","type":"post","link":"https:\/\/www.europesays.com\/se\/120557\/","title":{"rendered":"Uppgifter: CIA anf\u00f6ll hamn i Venezuela"},"content":{"rendered":"<p>CIA genomf\u00f6rde tidigare i december en dr\u00f6narattack mot en hamn vid Venezuelas kust, enligt k\u00e4llor till CNN. Det skulle vara den f\u00f6rsta USA- attacken mot ett m\u00e5l inne i landet. <\/p>\n<p>Attacken ska ha riktats mot en kaj som USA misst\u00e4nkte anv\u00e4ndes av den kriminella organisationen Tren de Aragua f\u00f6r att lagra narkotika och skeppa den vidare med b\u00e5t. <\/p>\n<p>Inga personer befann sig p\u00e5 platsen vid tillf\u00e4llet, enligt k\u00e4llorna. Tidigare USA-attacker har varit begr\u00e4nsade till misst\u00e4nkta smuggelb\u00e5tar p\u00e5 internationellt vatten.<\/p>\n","protected":false},"excerpt":{"rendered":"CIA genomf\u00f6rde tidigare i december en dr\u00f6narattack mot en hamn vid Venezuelas kust, enligt k\u00e4llor till CNN. Det&hellip;\n","protected":false},"author":2,"featured_media":793,"comment_status":"","ping_status":"","sticky":false,"template":"","format":"standard","meta":{"footnotes":""},"categories":[14],"tags":[22,23,26,27,17,21,24,25,28,29,15,16,18,34,31,33,32,30,19,20,51,52,53,54],"class_list":{"0":"post-120557","1":"post","2":"type-post","3":"status-publish","4":"format-standard","5":"has-post-thumbnail","7":"category-varlden","8":"tag-breaking-news","9":"tag-breakingnews","10":"tag-featured-news","11":"tag-featurednews","12":"tag-headlines","13":"tag-huvudnyheter","14":"tag-latest-news","15":"tag-latestnews","16":"tag-main-news","17":"tag-mainnews","18":"tag-news","19":"tag-nyheter","20":"tag-rubriker","21":"tag-se","22":"tag-svenska","23":"tag-sverige","24":"tag-sweden","25":"tag-swedish","26":"tag-top-stories","27":"tag-topstories","28":"tag-varlden","29":"tag-world","30":"tag-world-news","31":"tag-worldnews"},"share_on_mastodon":{"url":"https:\/\/pubeurope.com\/@se\/115807444152505109","error":""},"_links":{"self":[{"href":"https:\/\/www.europesays.com\/se\/wp-json\/wp\/v2\/posts\/120557","targetHints":{"allow":["GET"]}}],"collection":[{"href":"https:\/\/www.europesays.com\/se\/wp-json\/wp\/v2\/posts"}],"about":[{"href":"https:\/\/www.europesays.com\/se\/wp-json\/wp\/v2\/types\/post"}],"author":[{"embeddable":true,"href":"https:\/\/www.europesays.com\/se\/wp-json\/wp\/v2\/users\/2"}],"replies":[{"embeddable":true,"href":"https:\/\/www.europesays.com\/se\/wp-json\/wp\/v2\/comments?post=120557"}],"version-history":[{"count":0,"href":"https:\/\/www.europesays.com\/se\/wp-json\/wp\/v2\/posts\/120557\/revisions"}],"wp:featuredmedia":[{"embeddable":true,"href":"https:\/\/www.europesays.com\/se\/wp-json\/wp\/v2\/media\/793"}],"wp:attachment":[{"href":"https:\/\/www.europesays.com\/se\/wp-json\/wp\/v2\/media?parent=120557"}],"wp:term":[{"taxonomy":"category","embeddable":true,"href":"https:\/\/www.europesays.com\/se\/wp-json\/wp\/v2\/categories?post=120557"},{"taxonomy":"post_tag","embeddable":true,"href":"https:\/\/www.europesays.com\/se\/wp-json\/wp\/v2\/tags?post=120557"}],"curies":[{"name":"wp","href":"https:\/\/api.w.org\/{rel}","templated":true}]}}