{"id":120560,"date":"2025-12-30T08:00:07","date_gmt":"2025-12-30T08:00:07","guid":{"rendered":"https:\/\/www.europesays.com\/se\/120560\/"},"modified":"2025-12-30T08:00:07","modified_gmt":"2025-12-30T08:00:07","slug":"microsofts-operativsystem-for-vikbara-windows-phone-mobiler-har-lackt-ut","status":"publish","type":"post","link":"https:\/\/www.europesays.com\/se\/120560\/","title":{"rendered":"Microsofts operativsystem f\u00f6r vikbara Windows Phone-mobiler har l\u00e4ckt ut"},"content":{"rendered":"<p>Innan Microsofts vikbara mobil Surface Duo lanserades med Android installerat, arbetade f\u00f6retaget faktiskt p\u00e5 ett eget operativsystem f\u00f6r vikbara mobiler. Utvecklingen av Andromeda OS lades ned 2018, men <a href=\"https:\/\/idg.digidip.net\/visit?url=https:\/\/www.windowscentral.com\/hardware\/surface\/microsofts-canceled-dual-screen-version-of-windows-phone-has-leaked-and-you-can-now-try-it-on-a-surface-duo&amp;currurl=https:\/\/www.m3.se\/article\/3020958\/microsofts-operativsystem-for-vikbara-windows-phone-mobiler-har-lackt-ut.html&amp;ref=9-1-3020958-1-0-0-0-0\" target=\"_blank\" rel=\"nofollow noopener\" data-subtag=\"9-1-3020958-1-0-0-0-0\" data-domain-name=\"windowscentral\">Windows Central rapporterar<\/a> att du nu kan prova p\u00e5 operativsystemet p\u00e5 Surface Duo.<\/p>\n<p><strong>L\u00e4s \u00e4ven:\u00a0<a href=\"https:\/\/www.m3.se\/article\/2476810\/microsoft-tar-patent-pa-en-ny-vikbar-mobil.html\" rel=\"nofollow noopener\" target=\"_blank\">Microsoft tar patent p\u00e5 en ny vikbar mobil<\/a><\/strong><\/p>\n<p>Utvecklaren <a href=\"https:\/\/idg.digidip.net\/visit?url=https:\/\/x.com\/gus33000\/status\/2003857546680107441&amp;currurl=https:\/\/www.m3.se\/article\/3020958\/microsofts-operativsystem-for-vikbara-windows-phone-mobiler-har-lackt-ut.html&amp;ref=9-1-3020958-1-0-0-0-0\" target=\"_blank\" rel=\"nofollow noopener\" data-subtag=\"9-1-3020958-1-0-0-0-0\" data-domain-name=\"x\">Gustave Monce<\/a> har nu n\u00e4mligen portat en nyligen l\u00e4ckt version av <a href=\"https:\/\/idg.digidip.net\/visit?url=https:\/\/fullflash.pvabel.net\/DuoWOA\/andromeda\/&amp;currurl=https:\/\/www.m3.se\/article\/3020958\/microsofts-operativsystem-for-vikbara-windows-phone-mobiler-har-lackt-ut.html&amp;ref=9-1-3020958-1-0-0-0-0\" target=\"_blank\" rel=\"nofollow noopener\" data-subtag=\"9-1-3020958-1-0-0-0-0\" data-domain-name=\"pvabel\">Andromeda OS till Surface Duo<\/a>. Operativsystemet fungerar dock inte p\u00e5 Surface Duo 2, d\u00e5 det saknas st\u00f6d f\u00f6r vissa drivrutiner.<\/p>\n<p>Har du en Surface Duo kan du prova p\u00e5 det l\u00e4ckta operativsystemet. Du b\u00f6r dock f\u00f6rst noggrant l\u00e4sa igenom instruktionerna p\u00e5 <a href=\"https:\/\/idg.digidip.net\/visit?url=https:\/\/github.com\/WOA-Project\/SurfaceDuo-Guides\/blob\/main\/Install\/AOS\/SurfaceDuo1.md&amp;currurl=https:\/\/www.m3.se\/article\/3020958\/microsofts-operativsystem-for-vikbara-windows-phone-mobiler-har-lackt-ut.html&amp;ref=9-1-3020958-1-0-0-0-0\" target=\"_blank\" rel=\"nofollow noopener\" data-subtag=\"9-1-3020958-1-0-0-0-0\" data-domain-name=\"github\">Github<\/a>, samt ha i \u00e5tanke att Andromeda OS aldrig blev f\u00e4rdigutvecklat, och d\u00e4rf\u00f6r \u00e4r extremt buggigt.<\/p>\n","protected":false},"excerpt":{"rendered":"Innan Microsofts vikbara mobil Surface Duo lanserades med Android installerat, arbetade f\u00f6retaget faktiskt p\u00e5 ett eget operativsystem f\u00f6r&hellip;\n","protected":false},"author":2,"featured_media":120561,"comment_status":"","ping_status":"","sticky":false,"template":"","format":"standard","meta":{"footnotes":""},"categories":[66],"tags":[80,78,79,34,31,33,32,30,81,84,83,82],"class_list":{"0":"post-120560","1":"post","2":"type-post","3":"status-publish","4":"format-standard","5":"has-post-thumbnail","7":"category-vetenskap-och-teknik","8":"tag-science","9":"tag-science-and-technology","10":"tag-scienceandtechnology","11":"tag-se","12":"tag-svenska","13":"tag-sverige","14":"tag-sweden","15":"tag-swedish","16":"tag-technology","17":"tag-teknik","18":"tag-vetenskap","19":"tag-vetenskapteknik"},"share_on_mastodon":{"url":"https:\/\/pubeurope.com\/@se\/115807467799377625","error":""},"_links":{"self":[{"href":"https:\/\/www.europesays.com\/se\/wp-json\/wp\/v2\/posts\/120560","targetHints":{"allow":["GET"]}}],"collection":[{"href":"https:\/\/www.europesays.com\/se\/wp-json\/wp\/v2\/posts"}],"about":[{"href":"https:\/\/www.europesays.com\/se\/wp-json\/wp\/v2\/types\/post"}],"author":[{"embeddable":true,"href":"https:\/\/www.europesays.com\/se\/wp-json\/wp\/v2\/users\/2"}],"replies":[{"embeddable":true,"href":"https:\/\/www.europesays.com\/se\/wp-json\/wp\/v2\/comments?post=120560"}],"version-history":[{"count":0,"href":"https:\/\/www.europesays.com\/se\/wp-json\/wp\/v2\/posts\/120560\/revisions"}],"wp:featuredmedia":[{"embeddable":true,"href":"https:\/\/www.europesays.com\/se\/wp-json\/wp\/v2\/media\/120561"}],"wp:attachment":[{"href":"https:\/\/www.europesays.com\/se\/wp-json\/wp\/v2\/media?parent=120560"}],"wp:term":[{"taxonomy":"category","embeddable":true,"href":"https:\/\/www.europesays.com\/se\/wp-json\/wp\/v2\/categories?post=120560"},{"taxonomy":"post_tag","embeddable":true,"href":"https:\/\/www.europesays.com\/se\/wp-json\/wp\/v2\/tags?post=120560"}],"curies":[{"name":"wp","href":"https:\/\/api.w.org\/{rel}","templated":true}]}}