{"id":120562,"date":"2025-12-30T08:01:37","date_gmt":"2025-12-30T08:01:37","guid":{"rendered":"https:\/\/www.europesays.com\/se\/120562\/"},"modified":"2025-12-30T08:01:37","modified_gmt":"2025-12-30T08:01:37","slug":"chattbottar-fick-valjare-att-andra-sig","status":"publish","type":"post","link":"https:\/\/www.europesays.com\/se\/120562\/","title":{"rendered":"Chattbottar fick v\u00e4ljare att \u00e4ndra sig"},"content":{"rendered":"<p>Det finns en stor oro \u00f6ver hur generativ AI, framf\u00f6r allt chattbottar, skulle kunna anv\u00e4ndas f\u00f6r att p\u00e5verka v\u00e4ljare i olika fr\u00e5gor. Forskare i bland annat USA och Kanada har i ett stort experiment l\u00e5tit tusentals personer chatta med en AI inf\u00f6r val i USA, Kanada och Polen. Chattbottarna instruerades om att f\u00f6respr\u00e5ka den ena eller andra sidan i valet, och resultatet var tydligt: v\u00e4ljarna \u00e4ndrade uppfattning i betydligt st\u00f6rre utstr\u00e4ckning \u00e4n om man anv\u00e4nt traditionell reklam, enligt rapporten som publiceras i Nature.<\/p>\n<p>\u2013 Man har l\u00e5tit f\u00f6rs\u00f6kspersoner diskutera politik med stora chattbottar, och s\u00e5 har forskarna instruerat chattbottarna att f\u00f6rs\u00f6ka \u00f6vertala personerna om olika saker, s\u00e4ger Markus Furendal, forskare vid Stockholms universitet och Institutet f\u00f6r framtidsstudier, som inte \u00e4r inblandad i studien.<\/p>\n","protected":false},"excerpt":{"rendered":"Det finns en stor oro \u00f6ver hur generativ AI, framf\u00f6r allt chattbottar, skulle kunna anv\u00e4ndas f\u00f6r att p\u00e5verka&hellip;\n","protected":false},"author":2,"featured_media":120563,"comment_status":"","ping_status":"","sticky":false,"template":"","format":"standard","meta":{"footnotes":""},"categories":[65],"tags":[72,70,71,34,31,33,32,30],"class_list":{"0":"post-120562","1":"post","2":"type-post","3":"status-publish","4":"format-standard","5":"has-post-thumbnail","7":"category-ekonomi","8":"tag-business","9":"tag-economy","10":"tag-ekonomi","11":"tag-se","12":"tag-svenska","13":"tag-sverige","14":"tag-sweden","15":"tag-swedish"},"share_on_mastodon":{"url":"https:\/\/pubeurope.com\/@se\/115807471755911978","error":""},"_links":{"self":[{"href":"https:\/\/www.europesays.com\/se\/wp-json\/wp\/v2\/posts\/120562","targetHints":{"allow":["GET"]}}],"collection":[{"href":"https:\/\/www.europesays.com\/se\/wp-json\/wp\/v2\/posts"}],"about":[{"href":"https:\/\/www.europesays.com\/se\/wp-json\/wp\/v2\/types\/post"}],"author":[{"embeddable":true,"href":"https:\/\/www.europesays.com\/se\/wp-json\/wp\/v2\/users\/2"}],"replies":[{"embeddable":true,"href":"https:\/\/www.europesays.com\/se\/wp-json\/wp\/v2\/comments?post=120562"}],"version-history":[{"count":0,"href":"https:\/\/www.europesays.com\/se\/wp-json\/wp\/v2\/posts\/120562\/revisions"}],"wp:featuredmedia":[{"embeddable":true,"href":"https:\/\/www.europesays.com\/se\/wp-json\/wp\/v2\/media\/120563"}],"wp:attachment":[{"href":"https:\/\/www.europesays.com\/se\/wp-json\/wp\/v2\/media?parent=120562"}],"wp:term":[{"taxonomy":"category","embeddable":true,"href":"https:\/\/www.europesays.com\/se\/wp-json\/wp\/v2\/categories?post=120562"},{"taxonomy":"post_tag","embeddable":true,"href":"https:\/\/www.europesays.com\/se\/wp-json\/wp\/v2\/tags?post=120562"}],"curies":[{"name":"wp","href":"https:\/\/api.w.org\/{rel}","templated":true}]}}