{"id":120564,"date":"2025-12-30T08:02:10","date_gmt":"2025-12-30T08:02:10","guid":{"rendered":"https:\/\/www.europesays.com\/se\/120564\/"},"modified":"2025-12-30T08:02:10","modified_gmt":"2025-12-30T08:02:10","slug":"britter-litar-inte-pa-usa-vill-se-ny-allians-med-eu","status":"publish","type":"post","link":"https:\/\/www.europesays.com\/se\/120564\/","title":{"rendered":"Britter litar inte p\u00e5 USA \u2013 vill se ny allians med EU"},"content":{"rendered":"<p>Storbritannien kan inte l\u00e4ngre lita p\u00e5 att USA hj\u00e4lper landet vid en milit\u00e4r konfrontation med Ryssland utan b\u00f6r skapa en ny f\u00f6rsvarspakt med EU. Det anser brittiska v\u00e4ljare enligt en unders\u00f6kning som The Independent l\u00e5tit g\u00f6ra. <\/p>\n<p>55 procent s\u00e4ger sig st\u00e5 bakom tanken p\u00e5 en ny europeisk f\u00f6rsvarsallians utan USA, medan bara elva procent \u00e4r emot. <\/p>\n<p>Omni \u00e4r politiskt obundna och oberoende. Vi str\u00e4var efter att ge fler perspektiv p\u00e5 nyheterna. Har du fr\u00e5gor eller synpunkter kring v\u00e5r rapportering? <a href=\"https:\/\/omni.se\/britter-litar-inte-pa-usa-vill-se-ny-allians-med-eu\/a\/mailto:redaktion@omni.se\" class=\"ArticleActions_contactLink__W2F1M\" rel=\"nofollow noopener\" target=\"_blank\">Kontakta redaktionen<\/a><\/p>\n","protected":false},"excerpt":{"rendered":"Storbritannien kan inte l\u00e4ngre lita p\u00e5 att USA hj\u00e4lper landet vid en milit\u00e4r konfrontation med Ryssland utan b\u00f6r&hellip;\n","protected":false},"author":2,"featured_media":120565,"comment_status":"","ping_status":"","sticky":false,"template":"","format":"standard","meta":{"footnotes":""},"categories":[14],"tags":[387,22,23,2749,73,267,26,27,17,21,24,25,28,29,15,268,16,18,264,34,593,31,33,32,30,19,20,74,51,52,53,54],"class_list":{"0":"post-120564","1":"post","2":"type-post","3":"status-publish","4":"format-standard","5":"has-post-thumbnail","7":"category-varlden","8":"tag-amerikansk-politik","9":"tag-breaking-news","10":"tag-breakingnews","11":"tag-brittisk-politik","12":"tag-eu","13":"tag-europa","14":"tag-featured-news","15":"tag-featurednews","16":"tag-headlines","17":"tag-huvudnyheter","18":"tag-latest-news","19":"tag-latestnews","20":"tag-main-news","21":"tag-mainnews","22":"tag-news","23":"tag-nordamerika","24":"tag-nyheter","25":"tag-rubriker","26":"tag-ryssland","27":"tag-se","28":"tag-storbritannien","29":"tag-svenska","30":"tag-sverige","31":"tag-sweden","32":"tag-swedish","33":"tag-top-stories","34":"tag-topstories","35":"tag-usa","36":"tag-varlden","37":"tag-world","38":"tag-world-news","39":"tag-worldnews"},"share_on_mastodon":{"url":"https:\/\/pubeurope.com\/@se\/115807475663100622","error":""},"_links":{"self":[{"href":"https:\/\/www.europesays.com\/se\/wp-json\/wp\/v2\/posts\/120564","targetHints":{"allow":["GET"]}}],"collection":[{"href":"https:\/\/www.europesays.com\/se\/wp-json\/wp\/v2\/posts"}],"about":[{"href":"https:\/\/www.europesays.com\/se\/wp-json\/wp\/v2\/types\/post"}],"author":[{"embeddable":true,"href":"https:\/\/www.europesays.com\/se\/wp-json\/wp\/v2\/users\/2"}],"replies":[{"embeddable":true,"href":"https:\/\/www.europesays.com\/se\/wp-json\/wp\/v2\/comments?post=120564"}],"version-history":[{"count":0,"href":"https:\/\/www.europesays.com\/se\/wp-json\/wp\/v2\/posts\/120564\/revisions"}],"wp:featuredmedia":[{"embeddable":true,"href":"https:\/\/www.europesays.com\/se\/wp-json\/wp\/v2\/media\/120565"}],"wp:attachment":[{"href":"https:\/\/www.europesays.com\/se\/wp-json\/wp\/v2\/media?parent=120564"}],"wp:term":[{"taxonomy":"category","embeddable":true,"href":"https:\/\/www.europesays.com\/se\/wp-json\/wp\/v2\/categories?post=120564"},{"taxonomy":"post_tag","embeddable":true,"href":"https:\/\/www.europesays.com\/se\/wp-json\/wp\/v2\/tags?post=120564"}],"curies":[{"name":"wp","href":"https:\/\/api.w.org\/{rel}","templated":true}]}}