{"id":120566,"date":"2025-12-30T08:03:07","date_gmt":"2025-12-30T08:03:07","guid":{"rendered":"https:\/\/www.europesays.com\/se\/120566\/"},"modified":"2025-12-30T08:03:07","modified_gmt":"2025-12-30T08:03:07","slug":"svensk-domsratt-for-fortal-beganget-pa-internet","status":"publish","type":"post","link":"https:\/\/www.europesays.com\/se\/120566\/","title":{"rendered":"Svensk domsr\u00e4tt f\u00f6r f\u00f6rtal beg\u00e5nget p\u00e5 internet"},"content":{"rendered":"<p>&#13;<br \/>\n&#13;<br \/>\nSvensk domstol har ansetts beh\u00f6rig att pr\u00f6va ett \u00e5tal f\u00f6r f\u00f6rtal avseende uppgifter som publicerats p\u00e5 internet fr\u00e5n utlandet<\/p>\n<p>En svensk man publicerade, n\u00e4r han befann sig utomlands, en intervju med en annan svensk man p\u00e5 sin kanal p\u00e5 Youtube. De b\u00e5da m\u00e4nnen \u00e5talades f\u00f6r grovt f\u00f6rtal avseende uppgifter som l\u00e4mnats i intervjun om en tredje svensk man och de brottsanklagelser mot denne som f\u00f6rekommit i en dokument\u00e4rserie som hade s\u00e4nts p\u00e5 Sveriges Television.<\/p>\n<p>H\u00f6gsta domstolen g\u00f6r bed\u00f6mningen att n\u00e4r en f\u00f6rtalsgrundande uppgift publiceras p\u00e5 internet fr\u00e5n utlandet f\u00f6religger svensk domsr\u00e4tt enligt 2 kap. 1 \u00a7 brottsbalken om effekten av f\u00f6rtalsbrottet kan anses ha intr\u00e4tt i Sverige. F\u00f6r att effekten ska anses ha intr\u00e4tt h\u00e4r kr\u00e4vs, f\u00f6rutom att uppgifterna kommit till tredje mans k\u00e4nnedom, att det finns en relevant koppling till Sverige.<\/p>\n<p>Bed\u00f6mningen av om det finns en s\u00e5dan koppling b\u00f6r grundas p\u00e5 objektivt konstaterbara omst\u00e4ndigheter som exempelvis att uppgifterna avser svenska medborgare eller andra som \u00e4r bosatta h\u00e4r. En annan omst\u00e4ndighet som kan beaktas \u00e4r om uppgifterna \u00e4r avsedda huvudsakligen f\u00f6r svenska mottagare. S\u00e5 kan vara fallet om uppgifterna har lagts ut p\u00e5 en svensk hemsida eller n\u00e5gon annan digital plattform som riktar sig fr\u00e4mst till en svensk publik. Bed\u00f6mningen av kopplingen till Sverige m\u00e5ste g\u00f6ras med beaktande av samtliga omst\u00e4ndigheter i det enskilda fallet.<\/p>\n<p>H\u00f6gsta domstolen konstaterar att intervjun hade n\u00e5tt mottagare i Sverige och att det i \u00f6vrigt fanns en s\u00e5dan koppling till Sverige att svensk domstol \u00e4r beh\u00f6rig att d\u00f6ma \u00f6ver brotten.<\/p>\n<p>H\u00f6gsta domstolen d\u00f6mer, i likhet med hovr\u00e4tten, de b\u00e5da m\u00e4nnen f\u00f6r grovt f\u00f6rtal till villkorlig dom.<\/p>\n","protected":false},"excerpt":{"rendered":"&#13; &#13; Svensk domstol har ansetts beh\u00f6rig att pr\u00f6va ett \u00e5tal f\u00f6r f\u00f6rtal avseende uppgifter som publicerats p\u00e5&hellip;\n","protected":false},"author":2,"featured_media":67974,"comment_status":"","ping_status":"","sticky":false,"template":"","format":"standard","meta":{"footnotes":""},"categories":[12],"tags":[22,23,26,27,17,21,24,25,28,29,15,16,18,34,31,33,32,30,19,20],"class_list":{"0":"post-120566","1":"post","2":"type-post","3":"status-publish","4":"format-standard","5":"has-post-thumbnail","7":"category-sverige","8":"tag-breaking-news","9":"tag-breakingnews","10":"tag-featured-news","11":"tag-featurednews","12":"tag-headlines","13":"tag-huvudnyheter","14":"tag-latest-news","15":"tag-latestnews","16":"tag-main-news","17":"tag-mainnews","18":"tag-news","19":"tag-nyheter","20":"tag-rubriker","21":"tag-se","22":"tag-svenska","23":"tag-sverige","24":"tag-sweden","25":"tag-swedish","26":"tag-top-stories","27":"tag-topstories"},"share_on_mastodon":{"url":"https:\/\/pubeurope.com\/@se\/115807479631348778","error":""},"_links":{"self":[{"href":"https:\/\/www.europesays.com\/se\/wp-json\/wp\/v2\/posts\/120566","targetHints":{"allow":["GET"]}}],"collection":[{"href":"https:\/\/www.europesays.com\/se\/wp-json\/wp\/v2\/posts"}],"about":[{"href":"https:\/\/www.europesays.com\/se\/wp-json\/wp\/v2\/types\/post"}],"author":[{"embeddable":true,"href":"https:\/\/www.europesays.com\/se\/wp-json\/wp\/v2\/users\/2"}],"replies":[{"embeddable":true,"href":"https:\/\/www.europesays.com\/se\/wp-json\/wp\/v2\/comments?post=120566"}],"version-history":[{"count":0,"href":"https:\/\/www.europesays.com\/se\/wp-json\/wp\/v2\/posts\/120566\/revisions"}],"wp:featuredmedia":[{"embeddable":true,"href":"https:\/\/www.europesays.com\/se\/wp-json\/wp\/v2\/media\/67974"}],"wp:attachment":[{"href":"https:\/\/www.europesays.com\/se\/wp-json\/wp\/v2\/media?parent=120566"}],"wp:term":[{"taxonomy":"category","embeddable":true,"href":"https:\/\/www.europesays.com\/se\/wp-json\/wp\/v2\/categories?post=120566"},{"taxonomy":"post_tag","embeddable":true,"href":"https:\/\/www.europesays.com\/se\/wp-json\/wp\/v2\/tags?post=120566"}],"curies":[{"name":"wp","href":"https:\/\/api.w.org\/{rel}","templated":true}]}}