{"id":120567,"date":"2025-12-30T08:04:06","date_gmt":"2025-12-30T08:04:06","guid":{"rendered":"https:\/\/www.europesays.com\/se\/120567\/"},"modified":"2025-12-30T08:04:06","modified_gmt":"2025-12-30T08:04:06","slug":"kritisk-granskning-av-vaccinmotstandare-stred-inte-mot-europakonventionen","status":"publish","type":"post","link":"https:\/\/www.europesays.com\/se\/120567\/","title":{"rendered":"Kritisk granskning av vaccinmotst\u00e5ndare stred inte mot Europakonventionen"},"content":{"rendered":"<p>&#13;<br \/>\n&#13;<br \/>\nI en tv-s\u00e4nd dokument\u00e4r gjordes en kritisk granskning av en person med negativ inst\u00e4llning till vacciner. Granskningen innefattade wallraffande och filmning med dold kamera. En intresseavv\u00e4gning mellan r\u00e4tten till respekt f\u00f6r privatlivet och r\u00e4tten till yttrandefrihet i Europakonventionen har utfallit till yttrandefrihetens f\u00f6rdel.<\/p>\n<p>Sveriges Television s\u00e4nde under covid-19-pandemin en dokument\u00e4r d\u00e4r det gjordes en kritisk granskning av personer med en negativ inst\u00e4llning till vacciner och deras biverkningar. En av de granskade personerna v\u00e4ckte en skadest\u00e5ndstalan mot staten och gjorde g\u00e4llande att personens r\u00e4tt till respekt f\u00f6r privatlivet enligt Europakonventionen hade kr\u00e4nkts.<\/p>\n<p>H\u00f6gsta domstolen har funnit att en intresseavv\u00e4gning i det enskilda fallet mellan den granskades r\u00e4tt till respekt f\u00f6r sitt privatliv och journalisternas yttrandefrihet i Europakonventionen utfaller till den granskades nackdel och till yttrandefrihetens f\u00f6rdel. H\u00f6gsta domstolen konstaterar att ett mycket stort allm\u00e4nintresse kan \u00f6vertrumfa \u00e4ven ett betydande privatlivsingrepp.<\/p>\n<p>Skadest\u00e5ndstalan ogillades d\u00e4rf\u00f6r.<\/p>\n<p>\u2013 Dokument\u00e4ren ans\u00e5gs inte inneb\u00e4ra n\u00e5gon kr\u00e4nkning av klagandens r\u00e4tt till skydd f\u00f6r privatlivet med h\u00e4nsyn till det starka allm\u00e4nintresset i publiceringen, s\u00e4ger Erik Sj\u00f6man som var en av domarna i m\u00e5let.<\/p>\n","protected":false},"excerpt":{"rendered":"&#13; &#13; I en tv-s\u00e4nd dokument\u00e4r gjordes en kritisk granskning av en person med negativ inst\u00e4llning till vacciner.&hellip;\n","protected":false},"author":2,"featured_media":67974,"comment_status":"","ping_status":"","sticky":false,"template":"","format":"standard","meta":{"footnotes":""},"categories":[5],"tags":[22,23,26,27,17,21,24,25,28,29,15,16,18,34,31,33,32,30,19,20],"class_list":{"0":"post-120567","1":"post","2":"type-post","3":"status-publish","4":"format-standard","5":"has-post-thumbnail","7":"category-rubriker","8":"tag-breaking-news","9":"tag-breakingnews","10":"tag-featured-news","11":"tag-featurednews","12":"tag-headlines","13":"tag-huvudnyheter","14":"tag-latest-news","15":"tag-latestnews","16":"tag-main-news","17":"tag-mainnews","18":"tag-news","19":"tag-nyheter","20":"tag-rubriker","21":"tag-se","22":"tag-svenska","23":"tag-sverige","24":"tag-sweden","25":"tag-swedish","26":"tag-top-stories","27":"tag-topstories"},"share_on_mastodon":{"url":"https:\/\/pubeurope.com\/@se\/115807483618369967","error":""},"_links":{"self":[{"href":"https:\/\/www.europesays.com\/se\/wp-json\/wp\/v2\/posts\/120567","targetHints":{"allow":["GET"]}}],"collection":[{"href":"https:\/\/www.europesays.com\/se\/wp-json\/wp\/v2\/posts"}],"about":[{"href":"https:\/\/www.europesays.com\/se\/wp-json\/wp\/v2\/types\/post"}],"author":[{"embeddable":true,"href":"https:\/\/www.europesays.com\/se\/wp-json\/wp\/v2\/users\/2"}],"replies":[{"embeddable":true,"href":"https:\/\/www.europesays.com\/se\/wp-json\/wp\/v2\/comments?post=120567"}],"version-history":[{"count":0,"href":"https:\/\/www.europesays.com\/se\/wp-json\/wp\/v2\/posts\/120567\/revisions"}],"wp:featuredmedia":[{"embeddable":true,"href":"https:\/\/www.europesays.com\/se\/wp-json\/wp\/v2\/media\/67974"}],"wp:attachment":[{"href":"https:\/\/www.europesays.com\/se\/wp-json\/wp\/v2\/media?parent=120567"}],"wp:term":[{"taxonomy":"category","embeddable":true,"href":"https:\/\/www.europesays.com\/se\/wp-json\/wp\/v2\/categories?post=120567"},{"taxonomy":"post_tag","embeddable":true,"href":"https:\/\/www.europesays.com\/se\/wp-json\/wp\/v2\/tags?post=120567"}],"curies":[{"name":"wp","href":"https:\/\/api.w.org\/{rel}","templated":true}]}}