{"id":120574,"date":"2025-12-30T08:10:09","date_gmt":"2025-12-30T08:10:09","guid":{"rendered":"https:\/\/www.europesays.com\/se\/120574\/"},"modified":"2025-12-30T08:10:09","modified_gmt":"2025-12-30T08:10:09","slug":"mittenregeringen-tappar-stod-infor-valet-2026","status":"publish","type":"post","link":"https:\/\/www.europesays.com\/se\/120574\/","title":{"rendered":"Mittenregeringen tappar st\u00f6d inf\u00f6r valet 2026"},"content":{"rendered":"<p data-testid=\"lead\" itemprop=\"description\">Missn\u00f6je med h\u00f6jd pensions\u00e5lder \u2022 Mittensamarbete inte trolig efter valet 2026<\/p>\n<p class=\"sc-c25743f0-0 sc-e37c0145-2 hObFds DQgPn\">\u2013 I dag n\u00e4r man tittar tillbaka s\u00e5 har regeringen inte varit s\u00e5 popul\u00e4r. Men om man ser p\u00e5 vad den har genomf\u00f6rt s\u00e5 har den faktiskt lyckats f\u00e5 igenom r\u00e4tt stora reformer, ocks\u00e5 n\u00e5gra som man inte hade kunnat driva igenom tidigare, s\u00e4ger Bent Winther, politisk kommentator p\u00e5 Berlingske Tidende.<\/p>\n<p class=\"sc-c25743f0-0 sc-e37c0145-2 hObFds DQgPn\">Vid valet 2022 tog det rekordl\u00e5nga 42 dagar innan Danmark fick en ny regering. Till slut enades tv\u00e5 gamla rivaler, Socialdemokraterna och det borgerliga partiet Venstre, tillsammans med det nya h\u00f6gerpartiet Moderaterna. Mette Frederiksen valdes \u00e5terigen till premi\u00e4rminister.<\/p>\n<p>St\u00f6det har minskat<\/p>\n<p class=\"sc-c25743f0-0 sc-e37c0145-2 hObFds DQgPn\">Men med ett \u00e5r kvar till n\u00e4sta val ser det ut som att samarbetet inte kommer att h\u00e5lla. Flera danskar menar att st\u00f6det f\u00f6r samarbetsregeringen har minskat. <\/p>\n<p class=\"sc-c25743f0-0 sc-e37c0145-2 hObFds DQgPn\">\u2013 F\u00f6re valet var det m\u00e5nga som tyckte det var en bra id\u00e9 med en samarbetsregering \u00f6ver mitten, men nu \u00e4r det inte m\u00e5nga som backar upp den s\u00e5 jag tror att den inter kommer att forts\u00e4tta, s\u00e4ger Winnie Jakobsen.<\/p>\n<p class=\"sc-c25743f0-0 sc-e37c0145-2 hObFds DQgPn\">En del tror p\u00e5 regeringsskifte.<\/p>\n<p class=\"sc-c25743f0-0 sc-e37c0145-2 hObFds DQgPn\"> \u2013 Regeringsskifte ja, det tror jag. Mette Frederiksen \u00e4r f\u00e4rdig, tror jag. Det hoppas jag i alla fall, s\u00e4ger Kenneth Fj\u00e6restad.<\/p>\n<p>Missn\u00f6je med stora reformer<\/p>\n<p class=\"sc-c25743f0-0 sc-e37c0145-2 hObFds DQgPn\">Tv\u00e5 reformer har skapat s\u00e4rskilt mycket missn\u00f6je. Borttagandet av en r\u00f6d dag f\u00f6r att finansiera f\u00f6rsvarsbudgeten och beslutet att h\u00f6ja pensions\u00e5ldern till 70 \u00e5r. <\/p>\n<p class=\"sc-c25743f0-0 sc-e37c0145-2 hObFds DQgPn\">\u2013 Det verkar vara en quick-fix. Det \u00e4r m\u00e5nga saker som kan optimeras i den danska staten, som skulle spara enormt mycket pengar, s\u00e5 att man inte beh\u00f6ver slakta en r\u00f6d dag, s\u00e4ger Stine Ekstr\u00f8m.<\/p>\n<p>Sv\u00e5rt att f\u00f6rklara politiken<\/p>\n<p class=\"sc-c25743f0-0 sc-e37c0145-2 hObFds DQgPn\">Regeringen har haft sv\u00e5rt att f\u00f6rklara sina reformer f\u00f6r v\u00e4ljarna.<\/p>\n<p class=\"sc-c25743f0-0 sc-e37c0145-2 hObFds DQgPn\">\u2013 M\u00e5nga v\u00e4ljare k\u00e4nner sig fortfarande som antingen r\u00f6da och bl\u00e5 eller s\u00e5 \u00e4r de borgerliga eller socialister. Det \u00e4r mycket sv\u00e5rt att f\u00f6rklara de reformer som man genomf\u00f6r, s\u00e5 det \u00e4r sv\u00e5rt f\u00f6r regeringen att ha en klar profil. Det g\u00f6r att m\u00e5nga v\u00e4ljare blir missn\u00f6jda, s\u00e4ger Bent Winther.<\/p>\n<p class=\"sc-c25743f0-0 sc-e37c0145-2 hObFds DQgPn\">\u2013 Jag ska arbeta tills jag \u00e4r 70 \u00e5r, men det kommer inte att h\u00e4nda. De beh\u00f6ver bara arbeta tills de \u00e4r 65 \u00e5r, varf\u00f6r? De sitter ju bara ner. Det tycker jag \u00e4r riktigt d\u00e5ligt, s\u00e4ger Kenneth Fj\u00e6restad.<\/p>\n","protected":false},"excerpt":{"rendered":"Missn\u00f6je med h\u00f6jd pensions\u00e5lder \u2022 Mittensamarbete inte trolig efter valet 2026 \u2013 I dag n\u00e4r man tittar tillbaka&hellip;\n","protected":false},"author":2,"featured_media":120575,"comment_status":"","ping_status":"","sticky":false,"template":"","format":"standard","meta":{"footnotes":""},"categories":[14],"tags":[22,23,26,27,17,21,24,25,28,29,15,16,18,34,31,33,32,30,19,20,51,52,53,54],"class_list":{"0":"post-120574","1":"post","2":"type-post","3":"status-publish","4":"format-standard","5":"has-post-thumbnail","7":"category-varlden","8":"tag-breaking-news","9":"tag-breakingnews","10":"tag-featured-news","11":"tag-featurednews","12":"tag-headlines","13":"tag-huvudnyheter","14":"tag-latest-news","15":"tag-latestnews","16":"tag-main-news","17":"tag-mainnews","18":"tag-news","19":"tag-nyheter","20":"tag-rubriker","21":"tag-se","22":"tag-svenska","23":"tag-sverige","24":"tag-sweden","25":"tag-swedish","26":"tag-top-stories","27":"tag-topstories","28":"tag-varlden","29":"tag-world","30":"tag-world-news","31":"tag-worldnews"},"share_on_mastodon":{"url":"https:\/\/pubeurope.com\/@se\/115807507179703009","error":""},"_links":{"self":[{"href":"https:\/\/www.europesays.com\/se\/wp-json\/wp\/v2\/posts\/120574","targetHints":{"allow":["GET"]}}],"collection":[{"href":"https:\/\/www.europesays.com\/se\/wp-json\/wp\/v2\/posts"}],"about":[{"href":"https:\/\/www.europesays.com\/se\/wp-json\/wp\/v2\/types\/post"}],"author":[{"embeddable":true,"href":"https:\/\/www.europesays.com\/se\/wp-json\/wp\/v2\/users\/2"}],"replies":[{"embeddable":true,"href":"https:\/\/www.europesays.com\/se\/wp-json\/wp\/v2\/comments?post=120574"}],"version-history":[{"count":0,"href":"https:\/\/www.europesays.com\/se\/wp-json\/wp\/v2\/posts\/120574\/revisions"}],"wp:featuredmedia":[{"embeddable":true,"href":"https:\/\/www.europesays.com\/se\/wp-json\/wp\/v2\/media\/120575"}],"wp:attachment":[{"href":"https:\/\/www.europesays.com\/se\/wp-json\/wp\/v2\/media?parent=120574"}],"wp:term":[{"taxonomy":"category","embeddable":true,"href":"https:\/\/www.europesays.com\/se\/wp-json\/wp\/v2\/categories?post=120574"},{"taxonomy":"post_tag","embeddable":true,"href":"https:\/\/www.europesays.com\/se\/wp-json\/wp\/v2\/tags?post=120574"}],"curies":[{"name":"wp","href":"https:\/\/api.w.org\/{rel}","templated":true}]}}