{"id":120578,"date":"2025-12-30T08:12:18","date_gmt":"2025-12-30T08:12:18","guid":{"rendered":"https:\/\/www.europesays.com\/se\/120578\/"},"modified":"2025-12-30T08:12:18","modified_gmt":"2025-12-30T08:12:18","slug":"misstankta-vilma-andersson-26-har-erkant-delaktighet","status":"publish","type":"post","link":"https:\/\/www.europesays.com\/se\/120578\/","title":{"rendered":"Misst\u00e4nkta Vilma Andersson, 26, har erk\u00e4nt delaktighet"},"content":{"rendered":"<p><img decoding=\"async\" class=\"image-asset hyperion-css-n6kkq1\" data-test-tag=\"image-asset\" src=\"https:\/\/www.europesays.com\/se\/wp-content\/uploads\/2025\/12\/1767082337_872_49e0b678-b697-407a-b243-05528304a362.png\"  alt=\"\"  loading=\"lazy\" fetchpriority=\"auto\" style=\"aspect-ratio:1900 \/ 1900\"\/><img decoding=\"async\" class=\"image-asset hyperion-css-n6kkq1\" data-test-tag=\"image-asset\" src=\"https:\/\/www.europesays.com\/se\/wp-content\/uploads\/2025\/12\/40e63808-cfdf-4edd-a8ec-9c54637d26da.jpeg\"  alt=\"\"  loading=\"lazy\" fetchpriority=\"auto\" style=\"aspect-ratio:1900 \/ 1900\"\/><\/p>\n<p class=\"boxtextgrotesk-root_baa6 hyperion-css-7pajle\">Uppdaterad 08.56 | Publicerad 07.18<\/p>\n<p>share-arrowDela<\/p>\n<p>unsaveSpara<\/p>\n<p>expand-left<\/p>\n<p>helsk\u00e4rm<img decoding=\"async\" class=\"image-asset hyperion-css-u06ts1\" data-test-tag=\"image-asset\" src=\"https:\/\/www.europesays.com\/se\/wp-content\/uploads\/2025\/12\/50fdfa17-fdf2-4f15-8e20-8ce11e4ee9d4.jpeg\"  alt=\"Vilma Andersson, 26, sitter anh\u00e5llen misst\u00e4nkt f\u00f6r mordet i R\u00f6nninge.\"  loading=\"eager\" fetchpriority=\"high\" style=\"aspect-ratio:378 \/ 386\"\/>Vilma Andersson, 26, sitter anh\u00e5llen misst\u00e4nkt f\u00f6r mord.<\/p>\n<p class=\"hyperion-css-1shl3oz\" data-test-tag=\"lead-text\">En 25-\u00e5rig kvinna kidnappades i R\u00f6nninge under julhelgen och hittades senare styckm\u00f6rdad.<\/p>\n<p class=\"hyperion-css-1shl3oz\" data-test-tag=\"lead-text\">Den misst\u00e4nkta m\u00f6rdaren \u00e4r Vilma Andersson, 26, enligt Aftonbladets uppgifter.<\/p>\n<p class=\"hyperion-css-1shl3oz\" data-test-tag=\"lead-text\">DNA-sp\u00e5r ledde polisen till platsen d\u00e4r den misst\u00e4nkta f\u00f6rs\u00f6kte gr\u00e4va ned kroppen.<\/p>\n<p class=\"hyperion-css-1v9qo5x\">Vilma Andersson, som tidigare har hetat Robin, har suttit anh\u00e5llen sedan i l\u00f6rdags, misst\u00e4nkt f\u00f6r mord p\u00e5 den 25-\u00e5riga kvinnan som hittades d\u00f6d efter en omfattande s\u00f6kinsats i Salems kommun. <\/p>\n<p class=\"hyperion-css-1v9qo5x\">Den unga kvinnan tros ha blivit kidnappad vid <a data-test-tag=\"internal-link\" href=\"https:\/\/www.aftonbladet.se\/tagg\/ronninge\" class=\"hyperion-css-15jkft9\" rel=\"nofollow noopener\" target=\"\" aria-label=\"R\u00f6nninge\">R\u00f6nninge<\/a> station under natten mot annandagen \u2013 och sedan blivit m\u00f6rdad. <\/p>\n<p class=\"hyperion-css-1v9qo5x\">F\u00f6r flera \u00e5r sedan d\u00f6mdes den nu mordmisst\u00e4nkta 26-\u00e5ringen till f\u00e4ngelse efter ett uppm\u00e4rksammat kidnappningsf\u00f6rs\u00f6k p\u00e5 en flicka i tio\u00e5rs\u00e5ldern. <\/p>\n<p class=\"hyperion-css-1v9qo5x\">D\u00e5 hette han Robin. Efter att domen f\u00f6ll har den misst\u00e4nkta bytt namn flera g\u00e5nger. Nu har den misst\u00e4nkta bytt till ett kvinnonamn och heter Vilma Andersson. <\/p>\n<p class=\"hyperion-css-1v9qo5x\">abplus<strong><a data-test-tag=\"internal-link\" href=\"https:\/\/www.aftonbladet.se\/nyheter\/a\/7p0yQW\/uppgifter-polisinsatsen-i-ronninge-drojde-trots-familjens-larm\" class=\"hyperion-css-15jkft9\" rel=\"nofollow noopener\" target=\"\" aria-label=\" Uppgifter: Insatsen dr\u00f6jde \u2013 trots larmet\"> Uppgifter: Insatsen dr\u00f6jde \u2013 trots larmet<\/a><\/strong><\/p>\n<p>FAKTAD\u00e4rf\u00f6r namnger vi Vilma Andersson<\/p>\n<ul class=\"hyperion-css-e9gx76\" data-test-tag=\"list\">\n<li class=\"hyperion-css-1d843yr\">Den misst\u00e4nkta greps i anslutning till den m\u00f6rdade kvinnan och erk\u00e4nde enligt uppgifter till Aftonbladet d\u00e5 att det var den f\u00f6rsvunna kvinnans kroppsdelar.\u00a0<\/li>\n<li class=\"hyperion-css-1d843yr\">DNA p\u00e5 fynd vid brottsplatsen kopplas enligt uppgifter till den misst\u00e4nkta.<\/li>\n<li class=\"hyperion-css-1d843yr\">Fallet har v\u00e4ckt stor uppm\u00e4rksamhet, vilket leder till ett \u00f6kat allm\u00e4nintresse.\u00a0<\/li>\n<li class=\"hyperion-css-1d843yr\">Vilma Andersson har tidigare d\u00f6mts f\u00f6r ett uppm\u00e4rksammat kidnappningsf\u00f6rs\u00f6k och misst\u00e4nks nu f\u00f6r ett mord.\u00a0<\/li>\n<\/ul>\n<p>L\u00e4s mer<\/p>\n<p>expand-left<\/p>\n<p>helsk\u00e4rm<img decoding=\"async\" class=\"image-asset hyperion-css-u06ts1\" data-test-tag=\"image-asset\" src=\"https:\/\/www.europesays.com\/se\/wp-content\/uploads\/2025\/12\/1767082338_542_2589f57c-4df9-4b49-b61b-4aaf3a0e7e58.jpeg\"  alt=\"Polisen under s\u00f6kinsatsen.\"  loading=\"eager\" fetchpriority=\"high\" style=\"aspect-ratio:1900 \/ 1267\"\/>Polisen under s\u00f6kinsatsen. Foto: Carolina ByrmoUppgifter: Erk\u00e4nde  <\/p>\n<p class=\"hyperion-css-1v9qo5x\">Den misst\u00e4nkta greps p\u00e5 l\u00f6rdagen efter en tio timmar l\u00e5ng spaningsinsats. Enligt Aftonbladets uppgifter var det en dna-tr\u00e4ff p\u00e5 brottsplatsen som ledde dem till Vilma Andersson.<\/p>\n<p class=\"hyperion-css-1v9qo5x\">26-\u00e5ringen ska enligt uppgifter ha k\u00f6rt till ett skogsparti flera mil fr\u00e5n R\u00f6nninge station, d\u00e4r kvinnan senast setts, och f\u00f6rs\u00f6kt gr\u00e4va ner kroppen. Vid gripandet ska den misst\u00e4nkta ha erk\u00e4nt att det r\u00f6rde sig om den f\u00f6rsvunna kvinnans kroppsdelar, enligt Aftonbladets uppgifter.<\/p>\n<p class=\"hyperion-css-1v9qo5x\">N\u00e4r kvinnan inte kom hem efter juldagsfirandet gick hennes anh\u00f6riga ut f\u00f6r att leta. De hittade  kvinnans h\u00f6rlurar drygt 500 meter fr\u00e5n R\u00f6nninges pendelt\u00e5gsstation, tillsammans med buntband, en hammare och sladdsp\u00e5r, enligt uppgifter. <\/p>\n<p class=\"hyperion-css-1v9qo5x\">D\u00e4refter inledde polisen en s\u00f6kinsats med dr\u00f6nare, hundar, helikopter och frivilliga. Tv\u00e5 och ett halvt dygn senare meddelade polisen att hon hittats d\u00f6d. <\/p>\n<p class=\"hyperion-css-1v9qo5x\">Det \u00e4r oklart hur 26-\u00e5ringen st\u00e4ller sig till misstankarna i polisf\u00f6rh\u00f6r.<\/p>\n<p class=\"hyperion-css-1v9qo5x\">Senast idag, tisdag klockan 12, m\u00e5ste \u00e5klagaren besluta om den misst\u00e4nkta ska beg\u00e4ras h\u00e4ktad.<\/p>\n<p>FAKTAUppgifter: TidslinjenJuldagen<\/p>\n<p class=\"hyperion-css-jonaf8\">Kvinnan tr\u00e4ffar kompisar i centrala Stockholm.<\/p>\n<p>Natten mot annandagen<\/p>\n<p class=\"hyperion-css-jonaf8\"><strong>00.32:<\/strong> Kvinnan k\u00f6per en SL-biljett.<\/p>\n<p class=\"hyperion-css-jonaf8\"><strong>00.33:<\/strong> Blippar kvinnan sig genom sp\u00e4rrarna p\u00e5 Odenplans pendelt\u00e5gsstation.<\/p>\n<p class=\"hyperion-css-jonaf8\"><strong>00.43:<\/strong> K\u00f6per kvinnan en t\u00e5gbiljett.<\/p>\n<p class=\"hyperion-css-jonaf8\"><strong>01.20:<\/strong> Kvinnan skickar ett Snapchat-meddelande till en v\u00e4n, d\u00e4r hon enligt v\u00e4nnen \u00e4r ensam och ser glad ut.<\/p>\n<p class=\"hyperion-css-jonaf8\"><strong>01.23:<\/strong> Kvinnans telefon kopplas upp p\u00e5 Snapchat f\u00f6r sista g\u00e5ngen.<\/p>\n<p class=\"hyperion-css-jonaf8\"><strong>01.26:<\/strong> Kvinnan syns p\u00e5 R\u00f6nninge stations \u00f6vervakningskamera f\u00f6r sista g\u00e5ngen. D\u00e5 \u00e4r hon ensam.<\/p>\n<p class=\"hyperion-css-jonaf8\"><strong>01.30:<\/strong> Ett vittne som bor i n\u00e4rheten av R\u00f6nninge station h\u00f6r kvinnoskrik.<\/p>\n<p class=\"hyperion-css-jonaf8\"><strong>01.55:<\/strong> Kvinnans telefon kopplas upp f\u00f6r sista g\u00e5ngen. Sista internetuppkoppling fr\u00e5n telefonen var n\u00e5gon g\u00e5ng mellan klockan 01.08 och 01.56.<\/p>\n<p>Annandagen<\/p>\n<p class=\"hyperion-css-jonaf8\"><strong>10.42: <\/strong>En n\u00e4rst\u00e5ende till kvinnan kontaktar polisen.<\/p>\n<p class=\"hyperion-css-jonaf8\"><strong>Vid 14-15-tiden:<\/strong> Familjen \u00e5terkommer till polisen. De har i en egen s\u00f6kning hittat h\u00f6rlurar som ser ut som kvinnans, samt buntband och en hammare i en handske. Senare hittar polisen ocks\u00e5 en lapp i en papperskorg med vad som ser ut som en ink\u00f6pslista som tillh\u00f6rt kvinnan.<\/p>\n<p class=\"hyperion-css-jonaf8\"><strong>15.16:<\/strong> En f\u00f6runders\u00f6kning om m\u00e4nniskorov inleds. Fynden skickas med akut f\u00f6rtur till Nationellt forensiskt centrum (NFC).<\/p>\n<p>27 december<\/p>\n<p class=\"hyperion-css-jonaf8\"><strong>09.30:<\/strong> Svar fr\u00e5n NFC kopplar den misst\u00e4nkte till fynden, med fingeravtryck och DNA.<\/p>\n<p class=\"hyperion-css-jonaf8\"><strong>10.36:<\/strong> 26-\u00e5ringen anh\u00e5lls i sin fr\u00e5nvaro. Polisens spanare lokaliserar personens mobiltelefon och b\u00f6rjar spana.<\/p>\n<p class=\"hyperion-css-jonaf8\"><strong>21.22:<\/strong> Den misst\u00e4nkte grips i anslutning till den d\u00f6da kvinnan efter att ha blivit f\u00f6ljd av polisens spanare, fr\u00e5n bostaden till ett skogsomr\u00e5de sex mil bort. Enligt uppgifter erk\u00e4nner 26-\u00e5ringen d\u00e5 att det var den f\u00f6rsvunna kvinnans kroppsdelar.\u00a0<\/p>\n<p>29 december<\/p>\n<p class=\"hyperion-css-jonaf8\"><strong>16.15:<\/strong> \u00c5klagarmyndigheten meddelar att personen som misst\u00e4nkts f\u00f6r m\u00e4nniskorov har sl\u00e4ppts.<\/p>\n<p>L\u00e4s merFAKTAS\u00e5 hanterar vi k\u00e4llor<\/p>\n<ul class=\"hyperion-css-e9gx76\" data-test-tag=\"list\">\n<li class=\"hyperion-css-1d843yr\">Aftonbladet str\u00e4var efter att h\u00e4mta information fr\u00e5n f\u00f6rstahandsk\u00e4llor. Antingen genom egna intervjuer p\u00e5 plats p\u00e5 f\u00e4ltet, \u00f6ver telefon eller direkt fr\u00e5n trov\u00e4rdiga k\u00e4llor. Det kan till exempel vara myndigheter eller forskningsrapporter.<\/li>\n<li class=\"hyperion-css-1d843yr\">Vi citerar \u00e4ven andra, etablerade och som vi bed\u00f6mer trov\u00e4rdiga, medier. I de flesta fall med en tydlig k\u00e4llh\u00e4nvisning samt l\u00e4nk, s\u00e5 att l\u00e4saren sj\u00e4lv kan hitta ursprungsk\u00e4llan.<\/li>\n<li class=\"hyperion-css-1d843yr\"><strong>K\u00e4llskyddet<\/strong>\u00a0\u00e4r heligt f\u00f6r oss. Vi garanterar alla tipsare k\u00e4llskydd, en grundlagsskyddad r\u00e4ttighet enligt Tryckfrihetsf\u00f6rordningen. Du kan med andra ord alltid vara trygg med att vi kommer skydda din identitet n\u00e4r du h\u00f6r av dig till oss.\u00a0<a aria-label=\"H\u00e4r\" class=\"default hyperion-css-15jkft9\" href=\"https:\/\/www.aftonbladet.se\/securedrop\/\" rel=\"noopener nofollow\" data-test-tag=\"external-link\" target=\"_blank\">H\u00e4r<\/a>\u00a0kan du tipsa oss genom\u00a0<a aria-label=\"Secure Drop\" class=\"default hyperion-css-15jkft9\" href=\"https:\/\/www.aftonbladet.se\/securedrop\/\" rel=\"noopener nofollow\" data-test-tag=\"external-link\" target=\"_blank\">Secure Drop<\/a>, en krypterad kanal avsedd f\u00f6r s\u00e4rskilt k\u00e4nsliga uppgifter som inte l\u00e4mnar n\u00e5gra sp\u00e5r. Annars kan du alltid anv\u00e4nda v\u00e5r\u00a0<a aria-label=\"Tipsa-funktion\" class=\"default hyperion-css-15jkft9\" href=\"https:\/\/www.aftonbladet.se\/tipsa\/\" rel=\"noopener nofollow\" data-test-tag=\"external-link\" target=\"_blank\">Tipsa-funktion<\/a>, d\u00e4r du ocks\u00e5 kan vara anonym. Vi vill dock alltid veta vem du \u00e4r f\u00f6r att kunna g\u00f6ra en bed\u00f6mning av uppgifterna, \u00e4ven i de fall du \u00e4r anonym f\u00f6r v\u00e5r publik.<\/li>\n<\/ul>\n<p>S\u00e5 arbetar vi med k\u00e4llkontroll<\/p>\n<ul class=\"hyperion-css-e9gx76\" data-test-tag=\"list\">\n<li class=\"hyperion-css-1d843yr\">Aftonbladet har v\u00e4l utvecklade metoder f\u00f6r att kontrollera och bed\u00f6ma uppgifter. Det kan vara ett tidskr\u00e4vande jobb. Vi str\u00e4var alltid efter att f\u00e5 en uppgift bekr\u00e4ftad fr\u00e5n minst tv\u00e5 av varandra oberoende k\u00e4llor.<\/li>\n<li class=\"hyperion-css-1d843yr\">I de fall vi f\u00e5r in bilder eller filmer fr\u00e5n v\u00e5r publik tar vi alltid kontakt med upphovsmannen f\u00f6r att st\u00e4lla f\u00f6ljdfr\u00e5gor och kontrollera att personen verkligen \u00e4r just upphovsman.<\/li>\n<li class=\"hyperion-css-1d843yr\">Vi har \u00e4ven etiska riktlinjer som ibland g\u00f6r att vi avst\u00e5r fr\u00e5n att publicera vissa bilder eller uppgifter. Du kan l\u00e4sa mer om v\u00e5rt arbete med pressetik\u00a0<a data-test-tag=\"internal-link\" href=\"https:\/\/www.aftonbladet.se\/nyheter\/a\/G1g2wx\" class=\"hyperion-css-15jkft9\" rel=\"nofollow noopener\" target=\"\" aria-label=\"h\u00e4r.\">h\u00e4r.<\/a><\/li>\n<li class=\"hyperion-css-1d843yr\">Vi dubbelkollar alltid uppgifter vi hittar i sociala medier innan vi publicerar dem.<\/li>\n<\/ul>\n<p>L\u00e4s mer<\/p>\n","protected":false},"excerpt":{"rendered":"Uppdaterad 08.56 | Publicerad 07.18 share-arrowDela unsaveSpara expand-left helsk\u00e4rmVilma Andersson, 26, sitter anh\u00e5llen misst\u00e4nkt f\u00f6r mord. En 25-\u00e5rig&hellip;\n","protected":false},"author":2,"featured_media":120579,"comment_status":"","ping_status":"","sticky":false,"template":"","format":"standard","meta":{"footnotes":""},"categories":[5],"tags":[22,23,26,27,17,21,24,25,28,29,15,16,18,34,31,33,32,30,19,20],"class_list":{"0":"post-120578","1":"post","2":"type-post","3":"status-publish","4":"format-standard","5":"has-post-thumbnail","7":"category-rubriker","8":"tag-breaking-news","9":"tag-breakingnews","10":"tag-featured-news","11":"tag-featurednews","12":"tag-headlines","13":"tag-huvudnyheter","14":"tag-latest-news","15":"tag-latestnews","16":"tag-main-news","17":"tag-mainnews","18":"tag-news","19":"tag-nyheter","20":"tag-rubriker","21":"tag-se","22":"tag-svenska","23":"tag-sverige","24":"tag-sweden","25":"tag-swedish","26":"tag-top-stories","27":"tag-topstories"},"share_on_mastodon":{"url":"https:\/\/pubeurope.com\/@se\/115807515073052166","error":""},"_links":{"self":[{"href":"https:\/\/www.europesays.com\/se\/wp-json\/wp\/v2\/posts\/120578","targetHints":{"allow":["GET"]}}],"collection":[{"href":"https:\/\/www.europesays.com\/se\/wp-json\/wp\/v2\/posts"}],"about":[{"href":"https:\/\/www.europesays.com\/se\/wp-json\/wp\/v2\/types\/post"}],"author":[{"embeddable":true,"href":"https:\/\/www.europesays.com\/se\/wp-json\/wp\/v2\/users\/2"}],"replies":[{"embeddable":true,"href":"https:\/\/www.europesays.com\/se\/wp-json\/wp\/v2\/comments?post=120578"}],"version-history":[{"count":0,"href":"https:\/\/www.europesays.com\/se\/wp-json\/wp\/v2\/posts\/120578\/revisions"}],"wp:featuredmedia":[{"embeddable":true,"href":"https:\/\/www.europesays.com\/se\/wp-json\/wp\/v2\/media\/120579"}],"wp:attachment":[{"href":"https:\/\/www.europesays.com\/se\/wp-json\/wp\/v2\/media?parent=120578"}],"wp:term":[{"taxonomy":"category","embeddable":true,"href":"https:\/\/www.europesays.com\/se\/wp-json\/wp\/v2\/categories?post=120578"},{"taxonomy":"post_tag","embeddable":true,"href":"https:\/\/www.europesays.com\/se\/wp-json\/wp\/v2\/tags?post=120578"}],"curies":[{"name":"wp","href":"https:\/\/api.w.org\/{rel}","templated":true}]}}