{"id":120582,"date":"2025-12-30T08:14:20","date_gmt":"2025-12-30T08:14:20","guid":{"rendered":"https:\/\/www.europesays.com\/se\/120582\/"},"modified":"2025-12-30T08:14:20","modified_gmt":"2025-12-30T08:14:20","slug":"hotet-mot-tour-de-ski-det-ar-helt-sjukt","status":"publish","type":"post","link":"https:\/\/www.europesays.com\/se\/120582\/","title":{"rendered":"Hotet mot Tour de ski: \u201dDet \u00e4r helt sjukt\u201d"},"content":{"rendered":"<p>Extremv\u00e4der hotar Tour de ski.<\/p>\n<p>Prognoserna f\u00f6r de tv\u00e5 sista t\u00e4vlingsdagarna pekar mot flera plusgrader och \u00f6ver 40 millimeter regn.<\/p>\n<p>\u2013 Det \u00e4r helt sjukt vad som p\u00e5g\u00e5r \u2013 och obehagligt, s\u00e4ger landslags\u00e5karen Moa Lundgren.<\/p>\n<p><img   alt=\"\"\/> <\/p>\n<p>Foto: Laurent Cipriani \/ AP TT NYHETSBYR\u00c5N<\/p>\n<p>\u00d6ppna bild i helsk\u00e4rm<img loading=\"lazy\"   alt=\"\"\/> <\/p>\n<p>Foto: MAXIM THORE \/ BILDBYR\u00c5N<\/p>\n<p>\u00d6ppna bild i helsk\u00e4rm<\/p>\n<p>Starten p\u00e5 <a href=\"https:\/\/www.expressen.se\/tagg\/organization\/tour-de-ski\/\" class=\"\" rel=\"nofollow noopener\" target=\"_blank\">Tour de ski<\/a> har avgjorts under n\u00e4rmast perfekta f\u00f6rh\u00e5llanden nere i italienska Toblach.<\/p>\n<p>Rej\u00e4lt med minusgrader p\u00e5 n\u00e4tterna som f\u00f6ljts av solsken och n\u00e5gon plusgrad p\u00e5 dagarna. Men samtidigt finns det knappt n\u00e5gon sn\u00f6 alls.<\/p>\n<p>Och n\u00e4r t\u00e4vlandet fram\u00e5t helgen flyttar till Val di Fiemme ser det milt sagt orov\u00e4ckande ut. Redan sedan tidigare har sn\u00f6bristen varit mer akut i Val di Fiemme \u00e4n i Toblach \u2013 och nu kommer dystra besked f\u00f6r Frida Karlsson &amp; Co:<\/p>\n<p>En varmfront kommer att dra in i slutet av veckan. Och regn. Massor av regn.<\/p>\n<p>Kl\u00e4ttring i \u00f6sregn<\/p>\n<p>Just nu tyder prognosen p\u00e5 att den avslutande kl\u00e4ttringen uppf\u00f6r Alpe Cermis p\u00e5 s\u00f6ndag kan tvingas genomf\u00f6ras i \u00f6sregn.<\/p>\n<p>Klimatf\u00f6r\u00e4ndringarna har de senaste \u00e5ren f\u00f6r\u00e4ndrat verkligheten f\u00f6r alla som \u00e4lskar att vistas p\u00e5 sn\u00f6 \u2013 b\u00e5de I Sverige och nere i Alperna.<\/p>\n<p>N\u00e5got som oroar de svenska landslags\u00e5karna.<\/p>\n<p>\u2013 Man undrar ju vad som h\u00e4nder med v\u00e4rlden. Det \u00e4r v\u00e4ldigt frustrerande. Och inte alls kul, s\u00e4ger till exempel Tour de ski-\u00e5karen Lisa Eriksson fr\u00e5n Pite\u00e5.<\/p>\n<p><img loading=\"lazy\"   alt=\"\"\/><\/p>\n<p>Moa Lundgren.<\/p>\n<p>Foto: MAXIM THORE \/ BILDBYR\u00c5N<\/p>\n<p>\u00d6ppna bild i helsk\u00e4rm<\/p>\n<p><strong>Ditt jobb \u00e4r att \u00e5ka skidor p\u00e5 sn\u00f6 \u2013 g\u00f6r det som h\u00e4nder dig orolig f\u00f6r hur det blir i framtiden?<\/strong><\/p>\n<p>\u2013 Det skulle jag verkligen s\u00e4ga. Det \u00e4r j\u00e4ttetragiskt. Vi \u00e4r \u00e4nd\u00e5 i slutet av december och det har knappt sn\u00f6at hemma. Och det som kommit sm\u00e4lter bort.<\/p>\n<p><strong>\u00c4r det h\u00e4r n\u00e5got du t\u00e4nker mycket p\u00e5?<\/strong><\/p>\n<p>\u2013 Ja, det skulle jag s\u00e4ga.<\/p>\n<p>Moa Lundgren bor i Sundsvall men valde att redan tre veckor f\u00f6re Tour de ski att \u00e5ka ner till Davos i Schweiz.<\/p>\n<p>\u2013 En anledning var ju sn\u00f6bristen d\u00e4r hemma. Det \u00e4r j\u00e4tte-j\u00e4ttetr\u00e5kigt, s\u00e4ger Moa Lundgren.<\/p>\n<p>Sedan forts\u00e4tter Moa Lundgren:<\/p>\n<p>\u2013 Man kan knappt ta in vad som h\u00e4nder. Det \u00e4r helt sjukt.<\/p>\n<p>Enligt v\u00e4dersajten yr.no f\u00f6rv\u00e4ntas det falla 43 millimeter regn i Val di Fiemme under l\u00f6rdagen och s\u00f6ndagen.<\/p>\n<p><strong>L\u00c4S MER: <\/strong><a href=\"https:\/\/www.expressen.se\/sport\/langdskidor\/guide-program-och-tv-tider-for-tour-de-ski-20252026\/\" class=\"\" rel=\"nofollow noopener\" target=\"_blank\">Guide: Program och tv-tider f\u00f6r Tour de ski 2025\/2026<\/a><strong>L\u00c4S MER: <\/strong><a href=\"https:\/\/www.expressen.se\/sport\/langdskidor\/ryske-tranaren-pa-tour-de-ski-saknar-neutral-status\/\" class=\"\" rel=\"nofollow noopener\" target=\"_blank\">Ryske tr\u00e4naren p\u00e5 Tour de Ski \u2013 saknar neutral status<\/a><\/p>\n","protected":false},"excerpt":{"rendered":"Extremv\u00e4der hotar Tour de ski. Prognoserna f\u00f6r de tv\u00e5 sista t\u00e4vlingsdagarna pekar mot flera plusgrader och \u00f6ver 40&hellip;\n","protected":false},"author":2,"featured_media":120583,"comment_status":"","ping_status":"","sticky":false,"template":"","format":"standard","meta":{"footnotes":""},"categories":[68],"tags":[12726,12204,34,857,111,110,31,33,32,30],"class_list":{"0":"post-120582","1":"post","2":"type-post","3":"status-publish","4":"format-standard","5":"has-post-thumbnail","7":"category-sport","8":"tag-newsstory-tour-de-ski-2025-2026","9":"tag-organization-tour-de-ski","10":"tag-se","11":"tag-sections-langdskidor","12":"tag-sport","13":"tag-sports","14":"tag-svenska","15":"tag-sverige","16":"tag-sweden","17":"tag-swedish"},"share_on_mastodon":{"url":"https:\/\/pubeurope.com\/@se\/115807522947273534","error":""},"_links":{"self":[{"href":"https:\/\/www.europesays.com\/se\/wp-json\/wp\/v2\/posts\/120582","targetHints":{"allow":["GET"]}}],"collection":[{"href":"https:\/\/www.europesays.com\/se\/wp-json\/wp\/v2\/posts"}],"about":[{"href":"https:\/\/www.europesays.com\/se\/wp-json\/wp\/v2\/types\/post"}],"author":[{"embeddable":true,"href":"https:\/\/www.europesays.com\/se\/wp-json\/wp\/v2\/users\/2"}],"replies":[{"embeddable":true,"href":"https:\/\/www.europesays.com\/se\/wp-json\/wp\/v2\/comments?post=120582"}],"version-history":[{"count":0,"href":"https:\/\/www.europesays.com\/se\/wp-json\/wp\/v2\/posts\/120582\/revisions"}],"wp:featuredmedia":[{"embeddable":true,"href":"https:\/\/www.europesays.com\/se\/wp-json\/wp\/v2\/media\/120583"}],"wp:attachment":[{"href":"https:\/\/www.europesays.com\/se\/wp-json\/wp\/v2\/media?parent=120582"}],"wp:term":[{"taxonomy":"category","embeddable":true,"href":"https:\/\/www.europesays.com\/se\/wp-json\/wp\/v2\/categories?post=120582"},{"taxonomy":"post_tag","embeddable":true,"href":"https:\/\/www.europesays.com\/se\/wp-json\/wp\/v2\/tags?post=120582"}],"curies":[{"name":"wp","href":"https:\/\/api.w.org\/{rel}","templated":true}]}}