{"id":120584,"date":"2025-12-30T08:15:19","date_gmt":"2025-12-30T08:15:19","guid":{"rendered":"https:\/\/www.europesays.com\/se\/120584\/"},"modified":"2025-12-30T08:15:19","modified_gmt":"2025-12-30T08:15:19","slug":"d4vd-vantas-atalas-for-mordet-pa-celeste-rivas-15","status":"publish","type":"post","link":"https:\/\/www.europesays.com\/se\/120584\/","title":{"rendered":"D4vd v\u00e4ntas \u00e5talas f\u00f6r mordet p\u00e5 Celeste Rivas, 15"},"content":{"rendered":"<p>Publicerad 29 dec 2025 kl 22.09Uppdaterad kl 22.28<\/p>\n<p>Den amerikanska artisten D4vd l\u00e4r komma att \u00e5talas f\u00f6r mordet p\u00e5 15-\u00e5riga Celeste Rivas, enligt nya uppgifter <a href=\"https:\/\/www.tmz.com\/2025\/12\/29\/d4vd-likely-be-indicted-celeste-rivas-murder\/\" rel=\"nofollow noopener\" target=\"_blank\">till TMZ<\/a>.<\/p>\n<p>Flickan hittades styckad i en bil skriven p\u00e5 det 20-\u00e5riga stj\u00e4rnskottet tidigare i \u00e5r.<\/p>\n<p>Senaste klippen fr\u00e5n Expressen inom n\u00f6je.<img   alt=\"\"\/><\/p>\n<p>Celeste Rivas var formellt sett 15 \u00e5r n\u00e4r hon hittades m\u00f6rdad, men kan ha varit 14 \u00e5r vid mordtillf\u00e4llet.<\/p>\n<p>Foto: Amerikansk polis<\/p>\n<p>\u00d6ppna bild i helsk\u00e4rm<img loading=\"lazy\"   alt=\"\"\/><\/p>\n<p>Den amerikanske artisten D4vd v\u00e4ntas \u00e5talas f\u00f6r mordet p\u00e5 Celeste Rivas, enligt TMZ.<\/p>\n<p>Foto: AVALON RED \/ AVALON \/ STELLA PICTURES\/AVALON<\/p>\n<p>\u00d6ppna bild i helsk\u00e4rm<\/p>\n<p>David Anthony Burke, med artistnamnet D4vd, skulle ha spelat p\u00e5 Fryshuset i Stockholm den 4 oktober i \u00e5r.<\/p>\n<p>Spelningen <a href=\"https:\/\/www.expressen.se\/noje\/styckad-tonarsflicka-hittad-i-artistens-bil\/\" rel=\"nofollow noopener\" target=\"_blank\">st\u00e4lldes dock in<\/a> efter att den f\u00f6rsvunna flickan Celeste Rivas hittats d\u00f6d \u2013 styckad och f\u00f6rruttnad \u2013 i en Tesla registrerad p\u00e5 artisten.<\/p>\n<p>Nu rapporterar amerikanska TMZ att de har k\u00e4llor p\u00e5 att D4vd troligen kommer att \u00e5talas f\u00f6r mordet p\u00e5 flickan. Detta d\u00e5 \u00e5talsjuryn som handl\u00e4gger fallet v\u00e4ntas besluta om \u00e5tal.<\/p>\n<p>Uppfattades som ett par<\/p>\n<p>Celeste Rivas hittades d\u00f6d den 8 september 2025.<\/p>\n<p>D4vd och Celeste ska tidigare ha setts tillsammans p\u00e5 fester och sociala tillst\u00e4llningar, d\u00e4r de uppfattades som ett par, enligt TMZ.<\/p>\n<p>Att det visade sig att hon bara var ett barn chockade personer i D4vd:s n\u00e4rhet, men \u00e4nnu mer chockade blev de n\u00e4r de f\u00f6rstod att artisten kopplades till flickans d\u00f6d.<\/p>\n<p>Turerna i fallet har varit m\u00e5nga.<\/p>\n<p>\u00c5talsjuryn har i uppgift att avg\u00f6ra om det finns tillr\u00e4ckliga bevis f\u00f6r att v\u00e4cka \u00e5tal.<\/p>\n<p>Enligt nya uppgifter till TMZ tror b\u00e5de myndigheter och \u00e5klagaren i fallet att D4vd var inblandad i mordet p\u00e5 Celeste Rivas.<\/p>\n<p>N\u00e4r Celeste Rivas hittades d\u00f6d i bagageutrymmet p\u00e5 en Teslabil i Hollywood hade hon varit rapporterad saknad sedan 5 april 2024.<\/p>\n","protected":false},"excerpt":{"rendered":"Publicerad 29 dec 2025 kl 22.09Uppdaterad kl 22.28 Den amerikanska artisten D4vd l\u00e4r komma att \u00e5talas f\u00f6r mordet&hellip;\n","protected":false},"author":2,"featured_media":120585,"comment_status":"","ping_status":"","sticky":false,"template":"","format":"standard","meta":{"footnotes":""},"categories":[67],"tags":[104,45,34,31,33,32,30,436,105],"class_list":{"0":"post-120584","1":"post","2":"type-post","3":"status-publish","4":"format-standard","5":"has-post-thumbnail","7":"category-underhallning","8":"tag-entertainment","9":"tag-location-usa","10":"tag-se","11":"tag-svenska","12":"tag-sverige","13":"tag-sweden","14":"tag-swedish","15":"tag-topic-valdsbrott-mord","16":"tag-underhallning"},"share_on_mastodon":{"url":"https:\/\/pubeurope.com\/@se\/115807526780341185","error":""},"_links":{"self":[{"href":"https:\/\/www.europesays.com\/se\/wp-json\/wp\/v2\/posts\/120584","targetHints":{"allow":["GET"]}}],"collection":[{"href":"https:\/\/www.europesays.com\/se\/wp-json\/wp\/v2\/posts"}],"about":[{"href":"https:\/\/www.europesays.com\/se\/wp-json\/wp\/v2\/types\/post"}],"author":[{"embeddable":true,"href":"https:\/\/www.europesays.com\/se\/wp-json\/wp\/v2\/users\/2"}],"replies":[{"embeddable":true,"href":"https:\/\/www.europesays.com\/se\/wp-json\/wp\/v2\/comments?post=120584"}],"version-history":[{"count":0,"href":"https:\/\/www.europesays.com\/se\/wp-json\/wp\/v2\/posts\/120584\/revisions"}],"wp:featuredmedia":[{"embeddable":true,"href":"https:\/\/www.europesays.com\/se\/wp-json\/wp\/v2\/media\/120585"}],"wp:attachment":[{"href":"https:\/\/www.europesays.com\/se\/wp-json\/wp\/v2\/media?parent=120584"}],"wp:term":[{"taxonomy":"category","embeddable":true,"href":"https:\/\/www.europesays.com\/se\/wp-json\/wp\/v2\/categories?post=120584"},{"taxonomy":"post_tag","embeddable":true,"href":"https:\/\/www.europesays.com\/se\/wp-json\/wp\/v2\/tags?post=120584"}],"curies":[{"name":"wp","href":"https:\/\/api.w.org\/{rel}","templated":true}]}}